{"id":13103,"date":"2025-03-27T09:49:09","date_gmt":"2025-03-27T12:49:09","guid":{"rendered":"https:\/\/horapicodigital.com.ar\/?p=13103"},"modified":"2025-03-27T09:49:15","modified_gmt":"2025-03-27T12:49:15","slug":"abrieron-las-inscripciones-en-el-centro-de-formacion-san-cayetano-de-palpala","status":"publish","type":"post","link":"https:\/\/horapicodigital.com.ar\/index.php\/2025\/03\/27\/abrieron-las-inscripciones-en-el-centro-de-formacion-san-cayetano-de-palpala\/","title":{"rendered":"Abrieron las inscripciones en el centro de formaci\u00f3n \u201cSan Cayetano\u201d de Palpal\u00e1"},"content":{"rendered":"\n<p>El Centro de Formaci\u00f3n y Capacitaci\u00f3n \u201cSan Cayetano\u201d anunci\u00f3 la apertura de inscripciones para el ciclo lectivo 2025. La propuesta educativa, enmarcada dentro del \u00e1rea de Educaci\u00f3n No Formal, cuenta con una variada oferta de cursos orientados a la formaci\u00f3n en oficios y el desarrollo de habilidades pr\u00e1cticas.<\/p>\n\n\n\n<p>Entre las capacitaciones disponibles se encuentran Artesan\u00eda B\u00e1sica, Artesan\u00eda en Madera, Cer\u00e1mica Regional, Marroquiner\u00eda, Panader\u00eda y Pasteler\u00eda, y Panader\u00eda y Reposter\u00eda. Estos talleres est\u00e1n dirigidos a personas interesadas en aprender un nuevo oficio o perfeccionar sus conocimientos en cada disciplina.<\/p>\n\n\n\n<p>Las inscripciones est\u00e1n abiertas de lunes a viernes, en los horarios de 08:00 a 12:00 y de 16:00 a 20:00. Los interesados pueden acercarse personalmente a la sede del centro, ubicada en calle Pellegrini N\u00b0268, barrio Florida, o comunicarse al tel\u00e9fono&nbsp;<strong>4050580<\/strong>&nbsp;para obtener m\u00e1s informaci\u00f3n.<\/p>\n\n\n\n<p>Desde la instituci\u00f3n destacaron que los cupos son limitados, por lo que se recomienda realizar la inscripci\u00f3n con anticipaci\u00f3n. La formaci\u00f3n en oficios representa una gran oportunidad para quienes buscan ampliar sus posibilidades laborales o emprender su propio negocio en \u00e1reas de alta demanda.<\/p>\n\n\n<div class=\"wp-block-image\">\n<figure class=\"aligncenter size-full\"><img loading=\"lazy\" decoding=\"async\" width=\"565\" height=\"1024\" src=\"https:\/\/horapicodigital.com.ar\/wp-content\/uploads\/2025\/03\/image-148.webp\" alt=\"\" class=\"wp-image-13106\" srcset=\"https:\/\/horapicodigital.com.ar\/wp-content\/uploads\/2025\/03\/image-148.webp 565w, https:\/\/horapicodigital.com.ar\/wp-content\/uploads\/2025\/03\/image-148-166x300.webp 166w\" sizes=\"auto, (max-width: 565px) 100vw, 565px\" \/><\/figure>\n<\/div>","protected":false},"excerpt":{"rendered":"<p>El Centro de Formaci\u00f3n y Capacitaci\u00f3n \u201cSan Cayetano\u201d anunci\u00f3 la apertura de inscripciones para el ciclo lectivo 2025. La propuesta educativa, enmarcada dentro del \u00e1rea de Educaci\u00f3n No Formal, cuenta con una variada oferta de cursos orientados a la formaci\u00f3n en oficios y el desarrollo de habilidades pr\u00e1cticas. Entre las capacitaciones disponibles se encuentran Artesan\u00eda [&hellip;]<\/p>\n","protected":false},"author":7,"featured_media":13104,"comment_status":"open","ping_status":"open","sticky":false,"template":"","format":"standard","meta":{"_themeisle_gutenberg_block_has_review":false,"footnotes":""},"categories":[248,118],"tags":[482,58,101],"class_list":["post-13103","post","type-post","status-publish","format-standard","has-post-thumbnail","hentry","category-educacion","category-sociedad","tag-cursos","tag-jujuy","tag-palpala"],"_links":{"self":[{"href":"https:\/\/horapicodigital.com.ar\/index.php\/wp-json\/wp\/v2\/posts\/13103","targetHints":{"allow":["GET"]}}],"collection":[{"href":"https:\/\/horapicodigital.com.ar\/index.php\/wp-json\/wp\/v2\/posts"}],"about":[{"href":"https:\/\/horapicodigital.com.ar\/index.php\/wp-json\/wp\/v2\/types\/post"}],"author":[{"embeddable":true,"href":"https:\/\/horapicodigital.com.ar\/index.php\/wp-json\/wp\/v2\/users\/7"}],"replies":[{"embeddable":true,"href":"https:\/\/horapicodigital.com.ar\/index.php\/wp-json\/wp\/v2\/comments?post=13103"}],"version-history":[{"count":1,"href":"https:\/\/horapicodigital.com.ar\/index.php\/wp-json\/wp\/v2\/posts\/13103\/revisions"}],"predecessor-version":[{"id":13107,"href":"https:\/\/horapicodigital.com.ar\/index.php\/wp-json\/wp\/v2\/posts\/13103\/revisions\/13107"}],"wp:featuredmedia":[{"embeddable":true,"href":"https:\/\/horapicodigital.com.ar\/index.php\/wp-json\/wp\/v2\/media\/13104"}],"wp:attachment":[{"href":"https:\/\/horapicodigital.com.ar\/index.php\/wp-json\/wp\/v2\/media?parent=13103"}],"wp:term":[{"taxonomy":"category","embeddable":true,"href":"https:\/\/horapicodigital.com.ar\/index.php\/wp-json\/wp\/v2\/categories?post=13103"},{"taxonomy":"post_tag","embeddable":true,"href":"https:\/\/horapicodigital.com.ar\/index.php\/wp-json\/wp\/v2\/tags?post=13103"}],"curies":[{"name":"wp","href":"https:\/\/api.w.org\/{rel}","templated":true}]}}