{"id":13098,"date":"2025-03-26T09:56:27","date_gmt":"2025-03-26T12:56:27","guid":{"rendered":"https:\/\/horapicodigital.com.ar\/?p=13098"},"modified":"2025-03-26T09:56:33","modified_gmt":"2025-03-26T12:56:33","slug":"victoria-villarruel-critico-el-aborto-legal-la-defensa-de-la-vida-es-una-causa-central-en-nuestro-pais","status":"publish","type":"post","link":"https:\/\/horapicodigital.com.ar\/index.php\/2025\/03\/26\/victoria-villarruel-critico-el-aborto-legal-la-defensa-de-la-vida-es-una-causa-central-en-nuestro-pais\/","title":{"rendered":"Victoria Villarruel critic\u00f3 el aborto legal: \u201cLa defensa de la vida es una causa central en nuestro pa\u00eds\u201d"},"content":{"rendered":"\n<p>En el D\u00eda del Ni\u00f1o por Nacer, la Vicepresidenta cerr\u00f3 un seminario en el Senado. Apunt\u00f3 contra la \u201ccultura de la muerte\u201d, que seg\u00fan su visi\u00f3n se manifiesta en la promoci\u00f3n de leyes que legalizan la interrupci\u00f3n del embarazo.<\/p>\n\n\n\n<p>La vicepresidenta\u00a0<strong>Victoria Villarruel\u00a0<\/strong>encabez\u00f3 este marte el primer encuentro de un seminario sobre el\u00a0<strong>D\u00eda del Ni\u00f1o por Nacer\u00a0<\/strong>y las pol\u00edticas p\u00fablicas \u201cpara cuidar la vida\u201d en el que<strong>\u00a0alert\u00f3 sobre el grave problema demogr\u00e1fico<\/strong>\u00a0que enfrenta la Argentina por la\u00a0<strong>ca\u00edda de la tasa de natalidad\u00a0<\/strong>y reclam\u00f3 por la\u00a0<strong>protecci\u00f3n de la vida desde el momento de la concepci\u00f3n.<\/strong><\/p>\n\n\n\n<p>\u201cEl trato digno comienza con el reconocimiento del derecho a la vida. Este seminario es una invitaci\u00f3n a que cambiemos de perspectiva. La defensa de la vida es una causa central en nuestro pa\u00eds. Argentina necesita de la familia, con su extensi\u00f3n territorial y abundancia de recursos, es un pa\u00eds despoblado.\u00a0<strong>La grandeza de nuestra patria depende de la familia<\/strong>\u201d, plante\u00f3 la titular del Senado.<\/p>\n\n\n\n<p>La actividad se organiz\u00f3 justamente este 25 de marzo porque se conmemora a nivel internacional el D\u00eda del Ni\u00f1o por Nacer y cont\u00f3 con las exposiciones del rector de la UCA, Dr.\u00a0<strong>Miguel \u00c1ngel Schiavone<\/strong>; de la presidenta de la Academia Nacional de Educaci\u00f3n, Dra.\u00a0<strong>Paola del Bosco<\/strong>; del m\u00e9dico pediatra\u200b y creador de la Fundaci\u00f3n Cooperadora para la Nutrici\u00f3n Infantil (CONIN),\u00a0<strong>Abel Albino<\/strong>; las coordinadoras de La Merced Vida,\u00a0<strong>Matilde Gagliolo y Lorena Aguilar<\/strong>; y\u00a0<strong>Juan Bautista Gonz\u00e1lez Saborido<\/strong>, director de Organismos Internacionales del Senado de la Naci\u00f3n.<\/p>\n\n\n\n<p>Villarruel advirti\u00f3 sobre la\u00a0<strong>tasa de natalidad<\/strong>, que actualmente es\u00a0<strong>la m\u00e1s baja de nuestra historia<\/strong>, y destac\u00f3 que amenaza las \u201cposibilidades de desarrollo nacional\u201d.<\/p>\n\n\n\n<p>Tras destacar la naturaleza solidaria de los argentinos, que floreci\u00f3 en el contexto de las tr\u00e1gicas inundaciones en Bah\u00eda Blanca, la vicepresidenta apunt\u00f3 contra la llamada \u201c<strong>cultura de la muerte<\/strong>\u201d, que seg\u00fan su visi\u00f3n manifiesta en la\u00a0<strong>promoci\u00f3n de leyes que legalizan el aborto o en impulsar \u201cideolog\u00edas que contradicen la biolog\u00eda\u201d<\/strong>, generando una \u201catm\u00f3sfera de pesimismo y desaliento\u201d.<\/p>\n\n\n\n<p>\u201c<strong>Para la cultura de la muerte los hijos son una carga<\/strong>&nbsp;y no lo que verdaderamente son: un gran signo de esperanza. Muchas veces esta atm\u00f3sfera pesimista y la falta de pol\u00edticas consecuentes con la persona humana han generado&nbsp;<strong>pol\u00edticas p\u00fablicas reduccionistas que promueven una cultura del descarte<\/strong>\u201d, dijo en referencia a la ley de interrupci\u00f3n voluntaria del embarazo.<\/p>\n\n\n\n<p>Luego, critic\u00f3 directamente la legalizaci\u00f3n del aborto. \u201cMuchas madres en nuestro pa\u00eds, especialmente las que se encuentran en condiciones de vulnerabilidad,&nbsp;<strong>no encuentran el apoyo necesario para vivir sus embarazos con esperanza y alegr\u00eda.<\/strong>&nbsp;Por eso necesitamos pol\u00edticas p\u00fablicas globales que protejan verdaderamente a las madres. La soluci\u00f3n no puede ser la resignaci\u00f3n.&nbsp;<strong>Ofrecer el aborto como respuesta a una mujer embarazada en dificultad es abandonarnos a la mediocridad<\/strong>. Es decirles desde el Estado que un futuro mejor es inalcanzable. Es un mensaje terrible\u201d.<\/p>\n\n\n\n<p>En esa l\u00ednea, le pidi\u00f3 a los gobernadores que tengan \u201cpresente siempre a las familias\u201d y que hagan de sus provincias lugares que \u201cacojan a todos con trabajo y oportunidades\u201d.<\/p>\n\n\n\n<p>Y&nbsp;<strong>a los legisladores los inst\u00f3 a aspirar a lo \u201cm\u00e1s alto\u201d&nbsp;<\/strong>y a velar siempre por el \u201cimpacto de leyes sobre la vida integral de los ciudadanos, sobre sus cuerpos f\u00edsicos y tambi\u00e9n sobre sus esp\u00edritus\u201d.<\/p>\n\n\n\n<p>El presidente&nbsp;<strong>Javier Milei<\/strong>&nbsp;ha reivindicado en varias oportunidades la defensa de la vida desde el momento de la concepci\u00f3n y&nbsp;<strong>hab\u00eda prometido durante la campa\u00f1a electoral de 2023 que someter\u00eda el tema a un plebiscito<\/strong>. Esto nunca ocurri\u00f3 y hasta el momento el Poder Ejecutivo no ha impulsado ning\u00fan proyecto de ley al respecto, m\u00e1s all\u00e1 de que algunos miembros de la bancada oficialista s\u00ed presentaron iniciativas a t\u00edtulo individual.<\/p>\n\n\n\n<p>Por medio del decreto 55\/2024, Milei declar\u00f3 a 2024 como el A\u00f1o de la Defensa de la Vida, de la Libertad y la Propiedad.<\/p>\n","protected":false},"excerpt":{"rendered":"<p>En el D\u00eda del Ni\u00f1o por Nacer, la Vicepresidenta cerr\u00f3 un seminario en el Senado. Apunt\u00f3 contra la \u201ccultura de la muerte\u201d, que seg\u00fan su visi\u00f3n se manifiesta en la promoci\u00f3n de leyes que legalizan la interrupci\u00f3n del embarazo. La vicepresidenta\u00a0Victoria Villarruel\u00a0encabez\u00f3 este marte el primer encuentro de un seminario sobre el\u00a0D\u00eda del Ni\u00f1o por [&hellip;]<\/p>\n","protected":false},"author":7,"featured_media":13100,"comment_status":"open","ping_status":"open","sticky":false,"template":"","format":"standard","meta":{"_themeisle_gutenberg_block_has_review":false,"footnotes":""},"categories":[33],"tags":[],"class_list":["post-13098","post","type-post","status-publish","format-standard","has-post-thumbnail","hentry","category-politica"],"_links":{"self":[{"href":"https:\/\/horapicodigital.com.ar\/index.php\/wp-json\/wp\/v2\/posts\/13098","targetHints":{"allow":["GET"]}}],"collection":[{"href":"https:\/\/horapicodigital.com.ar\/index.php\/wp-json\/wp\/v2\/posts"}],"about":[{"href":"https:\/\/horapicodigital.com.ar\/index.php\/wp-json\/wp\/v2\/types\/post"}],"author":[{"embeddable":true,"href":"https:\/\/horapicodigital.com.ar\/index.php\/wp-json\/wp\/v2\/users\/7"}],"replies":[{"embeddable":true,"href":"https:\/\/horapicodigital.com.ar\/index.php\/wp-json\/wp\/v2\/comments?post=13098"}],"version-history":[{"count":1,"href":"https:\/\/horapicodigital.com.ar\/index.php\/wp-json\/wp\/v2\/posts\/13098\/revisions"}],"predecessor-version":[{"id":13101,"href":"https:\/\/horapicodigital.com.ar\/index.php\/wp-json\/wp\/v2\/posts\/13098\/revisions\/13101"}],"wp:featuredmedia":[{"embeddable":true,"href":"https:\/\/horapicodigital.com.ar\/index.php\/wp-json\/wp\/v2\/media\/13100"}],"wp:attachment":[{"href":"https:\/\/horapicodigital.com.ar\/index.php\/wp-json\/wp\/v2\/media?parent=13098"}],"wp:term":[{"taxonomy":"category","embeddable":true,"href":"https:\/\/horapicodigital.com.ar\/index.php\/wp-json\/wp\/v2\/categories?post=13098"},{"taxonomy":"post_tag","embeddable":true,"href":"https:\/\/horapicodigital.com.ar\/index.php\/wp-json\/wp\/v2\/tags?post=13098"}],"curies":[{"name":"wp","href":"https:\/\/api.w.org\/{rel}","templated":true}]}}