{"id":13089,"date":"2025-03-25T07:53:51","date_gmt":"2025-03-25T10:53:51","guid":{"rendered":"https:\/\/horapicodigital.com.ar\/?p=13089"},"modified":"2025-03-25T07:53:57","modified_gmt":"2025-03-25T10:53:57","slug":"como-se-gesto-el-video-de-agustin-laje-que-difundio-el-gobierno-por-el-24-de-marzo-y-por-que-rechazo-la-cifra-de-30-mil-desaparecidos","status":"publish","type":"post","link":"https:\/\/horapicodigital.com.ar\/index.php\/2025\/03\/25\/como-se-gesto-el-video-de-agustin-laje-que-difundio-el-gobierno-por-el-24-de-marzo-y-por-que-rechazo-la-cifra-de-30-mil-desaparecidos\/","title":{"rendered":"C\u00f3mo se gest\u00f3 el video de Agust\u00edn Laje que difundi\u00f3 el Gobierno por el 24 de marzo y por qu\u00e9 rechaz\u00f3 la cifra de 30 mil desaparecidos"},"content":{"rendered":"\n<p>El escritor grab\u00f3 la pieza el 24 de febrero en el Sal\u00f3n Eva Per\u00f3n de la Casa Rosada. C\u00f3mo se arm\u00f3 el guion, qui\u00e9n lo film\u00f3 y por qu\u00e9 se mantuvo en secreto.<\/p>\n\n\n\n<p>El video del escritor\u00a0<strong>Agust\u00edn Laje<\/strong>\u00a0que difundi\u00f3 el Gobierno por el\u00a0<strong>D\u00eda de la Memoria<\/strong>\u00a0gener\u00f3 un fuerte impacto comunicacional y pol\u00edtico y una polarizaci\u00f3n entre los que cuestionaron su contenido y quienes lo apoyaron. El mensaje retom\u00f3 la teor\u00eda de \u201cverdad y memoria completa\u201d que plante\u00f3 la Casa Rosada el a\u00f1o pasado y le agreg\u00f3 una denuncia contra una manipulaci\u00f3n pol\u00edtica de la cuesti\u00f3n de los derechos humanos y el\u00a0<strong>rechazo a la cifra de 30 mil desaparecidos<\/strong>.<\/p>\n\n\n\n<p>Infobae pudo confirmar c\u00f3mo se gest\u00f3 esa pieza audiovisual que tuvo m\u00e1s de\u00a0<strong>12 millones de reproducciones<\/strong>, tambi\u00e9n el objetivo pol\u00edtico de su realizaci\u00f3n y difusi\u00f3n en los primeros minutos del 24 de marzo, entre otros detalles.<\/p>\n\n\n\n<p>La grabaci\u00f3n del video se realiz\u00f3 un mes antes, concretamente el 24 de febrero, cuando las esquirlas del denominado\u00a0<strong>caso $Libra<\/strong>\u00a0repicaban cerca del autor y presidente de la Fundaci\u00f3n Faro, por la aparici\u00f3n de fotos con algunos de los promotores de ese fallido proyecto cripto.<\/p>\n\n\n\n<p>En el Sal\u00f3n Eva Per\u00f3n de la Casa Rosada, el escritor grab\u00f3 ese d\u00eda un texto que hab\u00eda guionado, con base en una investigaci\u00f3n que realiz\u00f3 para su primer libro \u201cLos mitos setentistas\u201d, publicado en 2011. A Laje lo recibieron el documentalista del presidente,\u00a0<strong>Santiago Or\u00eda<\/strong>, y su equipo, m\u00e1s el director de Comunicaci\u00f3n Digital,\u00a0<strong>Juan Carreira<\/strong>\u00a0(conocido en redes como Juan Doe). Hasta ayer por la tarde, Milei no hab\u00eda tenido contacto con el autor, aunque respald\u00f3 su contenido, a fuerza de reposteos.<\/p>\n\n\n\n<p>Ese libro, que fue el anticipo del video, fue publicado con el pr\u00f3logo de Luis Labra\u00f1a, que grab\u00f3 el primer mensaje que difundi\u00f3 este gobierno, el 24 de marzo del a\u00f1o pasado, que inaugur\u00f3 la tesis de la \u201cmemoria completa\u201d. Ese ex guerrillero se hizo famoso al revelar que fue el \u201cinventor\u201d de la cifra de los 30 mil desaparecidos. Pero en \u201cLos mitos setentistas\u201d tambi\u00e9n fue prologado por el teniente coronel retirado Emilio Nani.<\/p>\n\n\n\n<p>Lo central del mensaje del video ya estaba en ese libro, que no desconoce los horrores de la dictadura militar y las violaciones a los derechos humanos, sino que los incluye en una l\u00ednea de tiempo donde aparecen los cr\u00edmenes cometidos por las organizaciones guerrilleras.<\/p>\n\n\n\n<p>\u201cRomper con los dogmas siempre es inc\u00f3modo y la historia reciente en Argentina se dogmatiz\u00f3 cuando se puso al servicio de una construcci\u00f3n pol\u00edtica llamada kirchnerismo\u201d, cont\u00f3 Laje en declaraciones period\u00edsticas.<\/p>\n\n\n\n<p>Y agreg\u00f3: \u201cEs esperable que haya cr\u00edticas y reacciones negativas si uno sale a decir que no hace falta decir que fueron 30.000 desaparecidos si no tenemos ninguna documentaci\u00f3n que lo respalde, ya que con 7.300, que es lo que da la \u00faltima revisi\u00f3n del 2015, es suficiente para entender la magnitud del desastre y el horror de la represi\u00f3n ilegal\u201d.<\/p>\n\n\n\n<p>\u201cDurante todo el video se habla de la represi\u00f3n ilegal, de los golpes de Estado, que no ocurrieron solo en Argentina, sino en toda la regi\u00f3n. Esos m\u00e9todos de represi\u00f3n ilegal inclu\u00edan ejecuciones sumarias, torturas, desaparecidos. No estaba en el esp\u00edritu del video volver a decir exactamente lo que se ha dicho desde hace cuatro d\u00e9cadas hasta hoy. Pero tampoco estuvo en el esp\u00edritu del video negar la represi\u00f3n ilegal, negar el horror de la violencia del Estado contra la sociedad civil y tambi\u00e9n contra la sociedad armada que fueron las organizaciones terroristas\u201d, ampli\u00f3.<\/p>\n\n\n\n<p>En ese marco, el autor manifest\u00f3: \u201cEsto es como una inquisici\u00f3n. Es el sacerdote que est\u00e1 exigiendo una serie de signos para demostrar la adhesi\u00f3n irrestricta al dogma establecido. Y en la medida en que uno de esos signos no se ponga de manifiesto, pues declara que sos un hereje y vas a la hoguera\u201d.<\/p>\n\n\n\n<p>\u201cCuando los dogmas no se sostienen emp\u00edricamente, se tienen que sostener a la fuerza. Lo que molesta no es que yo no haya hablado de los vuelos de la muerte o el robo de beb\u00e9s, que ya est\u00e1n citados como parte de los m\u00e9todos de represi\u00f3n ilegal. Lo que a ellos les molesta es que se ponga de manifiesto, por ejemplo, que hay 1.100 desaparecidos anteriores al 24 de marzo de 1976, que fueron responsabilidad de Per\u00f3n y de Isabelita\u201d, ampli\u00f3.<\/p>\n\n\n\n<p>Luego de la fractura que qued\u00f3 expuesta en esta jornada, con una marcha masiva reclamando memoria, verdad y justicia, y un video postulando la \u201cverdad completa\u201d que fue visto por varios millones, Laje plante\u00f3 la necesidad de dejar atr\u00e1s a\u00f1os de desencuentros.<\/p>\n\n\n\n<p>El escritor agreg\u00f3: \u201cPara una reconciliaci\u00f3n, primero hay que equilibrar la historia, que es lo que se ha intentado el a\u00f1o pasado y este a\u00f1o, y a partir del a\u00f1o que viene, ya se tiene que superar el drama de los a\u00f1os 70\u2033. Pero aclar\u00f3 que se trata de \u201cuna reconciliaci\u00f3n a nivel hist\u00f3rico, social y pol\u00edtico, no de indultos ni cosas parecidas\u201d.<\/p>\n\n\n\n<p><\/p>\n","protected":false},"excerpt":{"rendered":"<p>El escritor grab\u00f3 la pieza el 24 de febrero en el Sal\u00f3n Eva Per\u00f3n de la Casa Rosada. C\u00f3mo se arm\u00f3 el guion, qui\u00e9n lo film\u00f3 y por qu\u00e9 se mantuvo en secreto. El video del escritor\u00a0Agust\u00edn Laje\u00a0que difundi\u00f3 el Gobierno por el\u00a0D\u00eda de la Memoria\u00a0gener\u00f3 un fuerte impacto comunicacional y pol\u00edtico y una polarizaci\u00f3n [&hellip;]<\/p>\n","protected":false},"author":7,"featured_media":13090,"comment_status":"open","ping_status":"open","sticky":false,"template":"","format":"standard","meta":{"_themeisle_gutenberg_block_has_review":false,"footnotes":""},"categories":[33],"tags":[2808,85],"class_list":["post-13089","post","type-post","status-publish","format-standard","has-post-thumbnail","hentry","category-politica","tag-24m","tag-pais"],"_links":{"self":[{"href":"https:\/\/horapicodigital.com.ar\/index.php\/wp-json\/wp\/v2\/posts\/13089","targetHints":{"allow":["GET"]}}],"collection":[{"href":"https:\/\/horapicodigital.com.ar\/index.php\/wp-json\/wp\/v2\/posts"}],"about":[{"href":"https:\/\/horapicodigital.com.ar\/index.php\/wp-json\/wp\/v2\/types\/post"}],"author":[{"embeddable":true,"href":"https:\/\/horapicodigital.com.ar\/index.php\/wp-json\/wp\/v2\/users\/7"}],"replies":[{"embeddable":true,"href":"https:\/\/horapicodigital.com.ar\/index.php\/wp-json\/wp\/v2\/comments?post=13089"}],"version-history":[{"count":1,"href":"https:\/\/horapicodigital.com.ar\/index.php\/wp-json\/wp\/v2\/posts\/13089\/revisions"}],"predecessor-version":[{"id":13091,"href":"https:\/\/horapicodigital.com.ar\/index.php\/wp-json\/wp\/v2\/posts\/13089\/revisions\/13091"}],"wp:featuredmedia":[{"embeddable":true,"href":"https:\/\/horapicodigital.com.ar\/index.php\/wp-json\/wp\/v2\/media\/13090"}],"wp:attachment":[{"href":"https:\/\/horapicodigital.com.ar\/index.php\/wp-json\/wp\/v2\/media?parent=13089"}],"wp:term":[{"taxonomy":"category","embeddable":true,"href":"https:\/\/horapicodigital.com.ar\/index.php\/wp-json\/wp\/v2\/categories?post=13089"},{"taxonomy":"post_tag","embeddable":true,"href":"https:\/\/horapicodigital.com.ar\/index.php\/wp-json\/wp\/v2\/tags?post=13089"}],"curies":[{"name":"wp","href":"https:\/\/api.w.org\/{rel}","templated":true}]}}