{"id":13036,"date":"2025-03-21T07:35:23","date_gmt":"2025-03-21T10:35:23","guid":{"rendered":"https:\/\/horapicodigital.com.ar\/?p=13036"},"modified":"2025-03-21T07:35:29","modified_gmt":"2025-03-21T10:35:29","slug":"la-cgt-confirmo-que-su-tercer-paro-general-contra-javier-milei-sera-el-10-de-abril","status":"publish","type":"post","link":"https:\/\/horapicodigital.com.ar\/index.php\/2025\/03\/21\/la-cgt-confirmo-que-su-tercer-paro-general-contra-javier-milei-sera-el-10-de-abril\/","title":{"rendered":"La CGT confirm\u00f3 que su tercer paro general contra Javier Milei ser\u00e1 el 10 de abril"},"content":{"rendered":"\n<p>La huelga ser\u00e1 con cese total de actividades por 24 horas, aunque desde el mediod\u00eda del 9 de abril los gremios se movilizar\u00e1n al Congreso junto a los jubilados.<\/p>\n\n\n\n<p>En su primera reuni\u00f3n de consejo directivo a pleno en lo que va del a\u00f1o, la\u00a0<strong>CGT<\/strong>\u00a0defini\u00f3 ayer por la tarde la fecha del tercer paro general\u00a0que activar\u00e1 contra la gesti\u00f3n de Javier Milei.<strong>\u00a0La protesta ser\u00e1 el jueves 10 de abril y consistir\u00e1 en un cese total de actividades por 24 horas.<\/strong>\u00a0Un d\u00eda antes, la central obrera se movilizar\u00e1 a la Plaza del Congreso para apoyar el reclamo que todos los mi\u00e9rcoles realiza la Mesa Coordinadora de Jubilados, integrada por 15 agrupaciones multipartidarias. Para la central obrera, ser\u00e1n entonces \u201c36 horas acci\u00f3n de medidas de protesta\u201d, seg\u00fan destac\u00f3 en un comunicado.<\/p>\n\n\n\n<p>Tras una sesi\u00f3n de tres horas y media, el concejo directivo resolvi\u00f3, adem\u00e1s del paro del 10 de abril y la movilizaci\u00f3n del d\u00eda anterior, la semana pr\u00f3xima se convocar\u00e1 a las ramas regionales para dar impulso a las acciones de protesta. Adem\u00e1s, se decidi\u00f3 tener una participaci\u00f3n activa en la marcha del lunes 24 marzo, junto a organizaciones de derechos humanos, por el D\u00eda de la Memoria, Verdad y Justicia. Asimismo, la central inst\u00f3 a acompa\u00f1ar, el mi\u00e9rcoles pr\u00f3ximo, a los jubilados que se movilicen al Congreso.<\/p>\n\n\n\n<p>Tambi\u00e9n se comunic\u00f3 que la CGT impulsar\u00e1 su tradicional movilizaci\u00f3n del D\u00eda del Trabajador, el 1\u00b0 de mayo, para manifestarse \u201ccontra las pol\u00edticas del Gobierno\u201d. Y que este viernes recibir\u00e1n a&nbsp;<strong>Fabi\u00e1n Grillo<\/strong>, padre del fotoperiodista&nbsp;<strong>Pablo Grillo<\/strong>, herido gravemente por un proyectil de las fuerzas de seguridad durante los hechos de violencia frente al Congreso, la semana pasada.<\/p>\n\n\n\n<p>En la previa,&nbsp;<strong>H\u00e9ctor Daer<\/strong>, uno de los jefes del triunvirato de mando de la CGT, hab\u00eda ratificado a&nbsp;<strong>LA NACION<\/strong>&nbsp;la decisi\u00f3n de romper la fugaz tregua que hab\u00edan sellado con el Gobierno a cambio de que no se avance en el Congreso con la reforma del sistema sindical y mantener vigentes el cobro de cuotas solidarias, aportes extraordinarios y reelecciones indefinidas. El enfrentamiento con la gesti\u00f3n libertaria se aceler\u00f3 por la represi\u00f3n policial en la marcha de los jubilados de la semana pasada y a partir del endurecimiento oficial para convalidar paritarias por encima de la inflaci\u00f3n.<\/p>\n\n\n\n<p>El consejo directivo de la CGT se reuni\u00f3 desde las 15 en la sede de Azopardo, con asistencia casi perfecta. Hubo sectores que no estaban de acuerdo con el choque con el Gobierno. Entre ellos,\u00a0<strong>Gerardo Mart\u00ednez<\/strong>\u00a0(Uocra), siempre de perfil m\u00e1s dialoguista y conciliador, y\u00a0<strong>Luis Barrionuevo<\/strong>, que no logr\u00f3 que sus hombres en la central obrera se opongan a la medida. Barrionuevo, representado en la reuni\u00f3n por\u00a0<strong>Sebasti\u00e1n Mariano<\/strong>, de La Fraternidad, pidi\u00f3 que el paro comience el mi\u00e9rcoles 9 a las 12 y que sea de 36 horas. La iniciativa no prosper\u00f3.<\/p>\n\n\n\n<p><mark>Los sindicatos del transporte, determinantes para garantizar el \u00e9xito de la huelga, dar\u00edan su respald<\/mark>o, aunque resta definir la postura de los colectiveros de la UTA.&nbsp;<strong>Roberto Fern\u00e1ndez<\/strong>, su referente, luce inc\u00f3modo ante el conflicto y su adhesi\u00f3n estar\u00eda en duda, seg\u00fan averigu\u00f3&nbsp;<strong>LA NACION<\/strong>.<\/p>\n\n\n\n<p>Adem\u00e1s de resolver la fecha del paro, la CGT confirm\u00f3 su asistencia a la movilizaci\u00f3n junto con organismos de derechos humanos para el lunes pr\u00f3ximo por el D\u00eda de la Memoria, Verdad y Justicia.<\/p>\n\n\n\n<p>La CGT reuni\u00f3 hace diez d\u00edas a su mesa chica por primera vez en 2025. Despu\u00e9s de m\u00e1s de tres horas de debate, se dispuso romper el pacto que se hab\u00eda sellado con el Gobierno. Antes de la protesta en el Congreso que termin\u00f3 con represi\u00f3n y heridos, los sindicalistas esgrim\u00edan que se deb\u00eda avanzar con una huelga contra el l\u00edmite en las paritarias, por la ca\u00edda en la producci\u00f3n industrial, por la crisis de las obras sociales y para cuestionar el eventual acuerdo con el&nbsp;<strong>Fondo Monetario Internacional<\/strong>&nbsp;(FMI) porque suponen que derivar\u00e1 en una devaluaci\u00f3n del peso y en m\u00e1s ajuste.<\/p>\n\n\n\n<h2 class=\"wp-block-heading\">\u201cMomento de debilidad\u201d<\/h2>\n\n\n\n<p>En la c\u00fapula de la CGT hay dirigentes que advierten sobre un \u201cmomento de debilidad\u201d del Gobierno. Ya hab\u00edan tomado nota de la importante convocatoria a la marcha en defensa de la diversidad sexual a la que llamaron los colectivos LGBT en enero, despu\u00e9s del discurso presidencial en Davos desde donde Milei acus\u00f3 a los homosexuales de ped\u00f3filos. \u201cLe entraron a Milei por primera vez las balas\u201d, dijo un dirigente del ala dialoguista despu\u00e9s de esa manifestaci\u00f3n durante el verano. Hace unos d\u00edas, en una reuni\u00f3n de mesa chica, los popes sindicales evaluaron tambi\u00e9n el supuesto impacto negativo en la imagen presidencial del esc\u00e1ndalo de la criptomoneda $LIBRA y de las primeras turbulencias econ\u00f3micas y cambiarias. Adem\u00e1s, volvieron a encender alarmas sobre el estancamiento del empleo y de los salarios.<\/p>\n\n\n\n<p><\/p>\n","protected":false},"excerpt":{"rendered":"<p>La huelga ser\u00e1 con cese total de actividades por 24 horas, aunque desde el mediod\u00eda del 9 de abril los gremios se movilizar\u00e1n al Congreso junto a los jubilados. En su primera reuni\u00f3n de consejo directivo a pleno en lo que va del a\u00f1o, la\u00a0CGT\u00a0defini\u00f3 ayer por la tarde la fecha del tercer paro general\u00a0que [&hellip;]<\/p>\n","protected":false},"author":7,"featured_media":13037,"comment_status":"open","ping_status":"open","sticky":false,"template":"","format":"standard","meta":{"_themeisle_gutenberg_block_has_review":false,"footnotes":""},"categories":[33],"tags":[1515,85],"class_list":["post-13036","post","type-post","status-publish","format-standard","has-post-thumbnail","hentry","category-politica","tag-cgt","tag-pais"],"_links":{"self":[{"href":"https:\/\/horapicodigital.com.ar\/index.php\/wp-json\/wp\/v2\/posts\/13036","targetHints":{"allow":["GET"]}}],"collection":[{"href":"https:\/\/horapicodigital.com.ar\/index.php\/wp-json\/wp\/v2\/posts"}],"about":[{"href":"https:\/\/horapicodigital.com.ar\/index.php\/wp-json\/wp\/v2\/types\/post"}],"author":[{"embeddable":true,"href":"https:\/\/horapicodigital.com.ar\/index.php\/wp-json\/wp\/v2\/users\/7"}],"replies":[{"embeddable":true,"href":"https:\/\/horapicodigital.com.ar\/index.php\/wp-json\/wp\/v2\/comments?post=13036"}],"version-history":[{"count":1,"href":"https:\/\/horapicodigital.com.ar\/index.php\/wp-json\/wp\/v2\/posts\/13036\/revisions"}],"predecessor-version":[{"id":13038,"href":"https:\/\/horapicodigital.com.ar\/index.php\/wp-json\/wp\/v2\/posts\/13036\/revisions\/13038"}],"wp:featuredmedia":[{"embeddable":true,"href":"https:\/\/horapicodigital.com.ar\/index.php\/wp-json\/wp\/v2\/media\/13037"}],"wp:attachment":[{"href":"https:\/\/horapicodigital.com.ar\/index.php\/wp-json\/wp\/v2\/media?parent=13036"}],"wp:term":[{"taxonomy":"category","embeddable":true,"href":"https:\/\/horapicodigital.com.ar\/index.php\/wp-json\/wp\/v2\/categories?post=13036"},{"taxonomy":"post_tag","embeddable":true,"href":"https:\/\/horapicodigital.com.ar\/index.php\/wp-json\/wp\/v2\/tags?post=13036"}],"curies":[{"name":"wp","href":"https:\/\/api.w.org\/{rel}","templated":true}]}}