{"id":12939,"date":"2025-03-14T08:30:04","date_gmt":"2025-03-14T11:30:04","guid":{"rendered":"https:\/\/horapicodigital.com.ar\/?p=12939"},"modified":"2025-03-14T08:30:10","modified_gmt":"2025-03-14T11:30:10","slug":"adiuju-convoca-a-paro-de-docentes-y","status":"publish","type":"post","link":"https:\/\/horapicodigital.com.ar\/index.php\/2025\/03\/14\/adiuju-convoca-a-paro-de-docentes-y\/","title":{"rendered":"ADIUJU CONVOCA A PARO DE DOCENTES Y"},"content":{"rendered":"\n<p><strong>&nbsp;NO DECENTES DE LA UNJU PARA EL 17 Y 18<\/strong><\/p>\n\n\n\n<p>La CONADU HISTORICA, junto con el FRENTE SINDICAL UNIVERSITARIO (FSU), convocan a paro los d\u00edas 17 y 18 de marzo. En Jujuy, la medida fue ratificada en la Asamblea de ADIUNJu del 10 de marzo bajo la consigna: \u201cDefendemos la Universidad P\u00fablica\u201d.<\/p>\n\n\n\n<p>Sin ley de presupuesto para el 2025, las universidades quedan otro a\u00f1o m\u00e1s sin un horizonte presupuestario claro, que perjudica a toda la comunidad, pone en riesgo el funcionamiento b\u00e1sico de las Universidades y el derecho de miles de estudiantes al acceso a la educaci\u00f3n superior universitaria. El Gobierno Nacional con su feroz ajuste profundiza la crisis del sistema universitario.<\/p>\n\n\n\n<p>&nbsp;Gabriela Gresores, secretaria gremial de Adiunju remarco que desde el&nbsp; plano salarial, sin llamado a paritarias, \u201cel gobierno nacional impuso magros e insuficientes aumentos del 1,5% en enero y el 1,2% en febrero. Estas cifras profundizan la p\u00e9rdida salarial, la cual, seg\u00fan datos de nuestra federaci\u00f3n, ya acumula 5 salarios en el transcurso de los 15 meses de gobierno de la Libertad Avanza\u201d.<\/p>\n\n\n\n<p>En este contexto, el mi\u00e9rcoles 12 se celebr\u00f3 el Congreso Extraordinario de la CONADU HISTORICA, con una apertura simb\u00f3lica del mismo en un acto frente al Ex Ministerio de Educaci\u00f3n, con la presencia de representantes de las dem\u00e1s Federaciones del FSU y dirigentes de la CTA Aut\u00f3noma.<\/p>\n\n\n\n<p>Una vez finalizado el Congreso, los participantes se sumaron a la Marcha de Jubilados, que fue reprimida crudamente por las fuerzas policiales y que dej\u00f3 como saldo heridos graves y una multitud de detenidos, los cuales tuvieron que ser liberados mostrando la arbitrariedad de estas detenciones.<\/p>\n","protected":false},"excerpt":{"rendered":"<p>&nbsp;NO DECENTES DE LA UNJU PARA EL 17 Y 18 La CONADU HISTORICA, junto con el FRENTE SINDICAL UNIVERSITARIO (FSU), convocan a paro los d\u00edas 17 y 18 de marzo. En Jujuy, la medida fue ratificada en la Asamblea de ADIUNJu del 10 de marzo bajo la consigna: \u201cDefendemos la Universidad P\u00fablica\u201d. Sin ley de [&hellip;]<\/p>\n","protected":false},"author":7,"featured_media":12940,"comment_status":"open","ping_status":"open","sticky":false,"template":"","format":"standard","meta":{"_themeisle_gutenberg_block_has_review":false,"footnotes":""},"categories":[248,81],"tags":[58,2805],"class_list":["post-12939","post","type-post","status-publish","format-standard","has-post-thumbnail","hentry","category-educacion","category-general","tag-jujuy","tag-paro-docente"],"_links":{"self":[{"href":"https:\/\/horapicodigital.com.ar\/index.php\/wp-json\/wp\/v2\/posts\/12939","targetHints":{"allow":["GET"]}}],"collection":[{"href":"https:\/\/horapicodigital.com.ar\/index.php\/wp-json\/wp\/v2\/posts"}],"about":[{"href":"https:\/\/horapicodigital.com.ar\/index.php\/wp-json\/wp\/v2\/types\/post"}],"author":[{"embeddable":true,"href":"https:\/\/horapicodigital.com.ar\/index.php\/wp-json\/wp\/v2\/users\/7"}],"replies":[{"embeddable":true,"href":"https:\/\/horapicodigital.com.ar\/index.php\/wp-json\/wp\/v2\/comments?post=12939"}],"version-history":[{"count":1,"href":"https:\/\/horapicodigital.com.ar\/index.php\/wp-json\/wp\/v2\/posts\/12939\/revisions"}],"predecessor-version":[{"id":12941,"href":"https:\/\/horapicodigital.com.ar\/index.php\/wp-json\/wp\/v2\/posts\/12939\/revisions\/12941"}],"wp:featuredmedia":[{"embeddable":true,"href":"https:\/\/horapicodigital.com.ar\/index.php\/wp-json\/wp\/v2\/media\/12940"}],"wp:attachment":[{"href":"https:\/\/horapicodigital.com.ar\/index.php\/wp-json\/wp\/v2\/media?parent=12939"}],"wp:term":[{"taxonomy":"category","embeddable":true,"href":"https:\/\/horapicodigital.com.ar\/index.php\/wp-json\/wp\/v2\/categories?post=12939"},{"taxonomy":"post_tag","embeddable":true,"href":"https:\/\/horapicodigital.com.ar\/index.php\/wp-json\/wp\/v2\/tags?post=12939"}],"curies":[{"name":"wp","href":"https:\/\/api.w.org\/{rel}","templated":true}]}}