{"id":12927,"date":"2025-03-14T08:18:51","date_gmt":"2025-03-14T11:18:51","guid":{"rendered":"https:\/\/horapicodigital.com.ar\/?p=12927"},"modified":"2025-03-14T08:18:57","modified_gmt":"2025-03-14T11:18:57","slug":"daer-anuncio-que-la-cgt-realizara-un-paro-general-de-24-horas-contra-el-gobierno-antes-del-10-de-abril","status":"publish","type":"post","link":"https:\/\/horapicodigital.com.ar\/index.php\/2025\/03\/14\/daer-anuncio-que-la-cgt-realizara-un-paro-general-de-24-horas-contra-el-gobierno-antes-del-10-de-abril\/","title":{"rendered":"Daer anunci\u00f3 que la CGT realizar\u00e1 un paro general de 24 horas contra el Gobierno antes del 10 de abril"},"content":{"rendered":"\n<p>Lo dijo durante el congreso de la UTEP, donde hubo presencia de los principales l\u00edderes cegetistas y un discurso radicalizado. Qu\u00e9 puede pasar en la relaci\u00f3n con la Casa Rosada y c\u00f3mo queda el realineamiento interno de la central obrera.<\/p>\n\n\n\n<p>La CGT ya le puso proa a su\u00a0<strong>tercer paro general<\/strong>\u00a0contra Javier Milei: ser\u00e1\u00a0<strong>antes del 10 de abril.<\/strong>\u00a0Lo anunci\u00f3 esta tarde el cotitular cegetista<strong>\u00a0H\u00e9ctor Daer<\/strong>\u00a0(Sanidad), durante el congreso nacional de la\u00a0<strong>Uni\u00f3n de Trabajadores de la Econom\u00eda Popular (UTEP)<\/strong>, realizado en la sede de Azopardo 802, con la presencia de los principales l\u00edderes de la central obrera, incluido\u00a0<strong>Hugo Moyano,<\/strong>\u00a0el titular del Sindicato de Camioneros, hasta ahora de actitud moderada.<\/p>\n\n\n\n<p>La propuesta del paro, seg\u00fan aclar\u00f3 Daer, ser\u00e1 debatida el<strong>\u00a0jueves pr\u00f3ximo<\/strong>\u00a0en una reuni\u00f3n del<strong>\u00a0Consejo Directivo de la CGT<\/strong>\u00a0y luego refrendada durante un plenario de\u00a0<strong>delegaciones regionales.<\/strong><\/p>\n\n\n\n<p>En di\u00e1logo con el m\u00f3vil de\u00a0<strong>Infobae en Vivo,<\/strong>\u00a0Daer confirm\u00f3 que esperan realizar la medida de fuerza antes del 10 de abril porque quieren\u00a0<strong>evitar coincidir con el feriado del 2 de abril\u00a0<\/strong>y la tradicional\u00a0<strong>marcha de los jubilados<\/strong>\u00a0que se realiza los d\u00edas\u00a0<strong>mi\u00e9rcoles.<\/strong><\/p>\n\n\n\n<p>Al ser consultado por los motivos del paro, el sindicalista hizo un repaso de las declaraciones de Javier Milei en Davos, a las que repudi\u00f3, y denunci\u00f3 que el Gobierno<strong>\u00a0\u201cpisa las paritarias\u201d. \u201c<\/strong>Este Gobierno<strong>\u00a0no cree en el di\u00e1logo, no habla con nadie.<\/strong>\u00a0Dialogar significa ir a un horizonte de construcci\u00f3n. Esto no sucedi\u00f3 nunca\u201d, asegur\u00f3.<\/p>\n\n\n\n<p>Como anticip\u00f3<strong>\u00a0Infobae,\u00a0<\/strong>si bien la mesa chica de la CGT hab\u00eda fijado el martes pasado un plan\u00a0<strong>gradual<\/strong>\u00a0para decidir una medida de fuerza, los graves incidentes durante la marcha de los jubilados ante el Congreso, con presencia de barrabravas, La C\u00e1mpora y activistas de izquierda, llevaron a la c\u00fapula cegetista a\u00a0<strong>avanzar<\/strong>\u00a0en las definiciones m\u00e1s dr\u00e1sticas contra el Gobierno.<\/p>\n\n\n\n<p>La decisi\u00f3n de acelerar el plan de lucha\u00a0<strong>no es compartida\u00a0<\/strong>por toda la dirigencia cegetista. Dos de los m\u00e1s duros en estas horas son justamente dos figuras del ala dialoguista como\u00a0<strong>Daer\u00a0<\/strong>y\u00a0<strong>Andr\u00e9s Rodr\u00edguez<\/strong>\u00a0(UPCN), apoyados por exponentes del kirchnerismo sindical (Abel Furl\u00e1n, de la UOM, y Sergio Palazzo, de bancarios, entre ellos) pero hay otros miembros de ese sector que son partidarios de\u00a0<strong>medir los tiempos\u00a0<\/strong>para forzar una negociaci\u00f3n con el Gobierno, como\u00a0<strong>Gerardo Mart\u00ednez<\/strong>\u00a0(UOCRA).<\/p>\n\n\n\n<p>Los m\u00e1s intransigentes creen que Milei comienza a&nbsp;<strong>debilitarse&nbsp;<\/strong>en materia de apoyo popular como consecuencia de una serie de errores no forzados, como el esc\u00e1ndalo de la criptomoneda, y por eso es el momento ideal para&nbsp;<strong>acelerar&nbsp;<\/strong>la tercera medida de fuerza general de la CGT contra el Gobierno.<\/p>\n\n\n\n<p>Esa fue la&nbsp;<strong>conclusi\u00f3n&nbsp;<\/strong>del debate de la mesa chica cegetista, hace 48 horas en UPCN, con la presencia de Hugo Moyano (Camioneros) y la ausencia de Mart\u00ednez y el barrionuevista Carlos Acu\u00f1a (estaciones de servicio), otro cotitular de la central obrera. Pero, entre duras cr\u00edticas a la Casa Rosada, se fij\u00f3 una&nbsp;<strong>serie de pasos<\/strong>&nbsp;para resolver&nbsp;<strong>por consenso<\/strong>&nbsp;la realizaci\u00f3n de otro paro o una movilizaci\u00f3n.<\/p>\n\n\n\n<p>Al cerrar el congreso de la UTEP, Daer se\u00f1al\u00f3 que \u201ceste gobierno no se pone colorado cuando dice en Davos que va a eliminar el femicidio\u201d y que apunta a&nbsp;<strong>\u201crevisar la historia reciente<\/strong>&nbsp;nuestra donde nosotros pedimos memoria y justicia, memoria, verdad y justicia y ellos quieren otro relato, otra construcci\u00f3n social individual, distinta a la construcci\u00f3n social que la cultura argentina adopt\u00f3 a partir de mediados del siglo pasado adopt\u00f3 y profundiz\u00f3 en nuestro pa\u00eds, que es la&nbsp;<strong>justicia social\u201d.<\/strong><\/p>\n\n\n\n<p>Adem\u00e1s, cuestion\u00f3 a la Casa Rosada por los l\u00edmites en las paritarias:&nbsp;<strong>\u201cVienen pis\u00e1ndonos los salarios,&nbsp;<\/strong>utilizando el instrumento de la homologaci\u00f3n para&nbsp;<strong>apretar&nbsp;<\/strong>a c\u00e1maras empresariales y a sindicatos, algo que jam\u00e1s se us\u00f3 de esta manera para ir con salarios por debajo de la inflaci\u00f3n,&nbsp;<strong>salarios a la baja\u201d.<\/strong><\/p>\n\n\n\n<p>\u201cNo cabe duda de que a lo que apuntan es a bajar el salario -agreg\u00f3-. Ustedes podr\u00e1n decir que ese por ah\u00ed es el tema de los que tienen salario y pueden discutir salario. No, es&nbsp;<strong>la recesi\u00f3n que se empieza a generar y empieza a tener consecuencias en todo el contexto de la sociedad. Los despidos, lo mismo el achicamiento de la industria,&nbsp;<\/strong>lo mismo que tomen la decisi\u00f3n de volver a la Argentina pastoril de embarcar y exportar ganado en pie es destruir la industria frigor\u00edfica de exportaci\u00f3n. Que nos puede gustar o no a veces, pero que es una industria y da valor agregado a las exportaciones. \u00bfPor qu\u00e9 desregulan todo? Porque lo que pretenden tambi\u00e9n es<strong>&nbsp;llevarnos a que las grandes corporaciones mundiales no tengan l\u00edmites y no act\u00faen m\u00e1s a trav\u00e9s de los Estados,<\/strong>&nbsp;sino que tengan el campo or\u00e9gano para hacer todos los negocios que que que quieres llevar adelante\u201d.<\/p>\n","protected":false},"excerpt":{"rendered":"<p>Lo dijo durante el congreso de la UTEP, donde hubo presencia de los principales l\u00edderes cegetistas y un discurso radicalizado. Qu\u00e9 puede pasar en la relaci\u00f3n con la Casa Rosada y c\u00f3mo queda el realineamiento interno de la central obrera. La CGT ya le puso proa a su\u00a0tercer paro general\u00a0contra Javier Milei: ser\u00e1\u00a0antes del 10 [&hellip;]<\/p>\n","protected":false},"author":7,"featured_media":12928,"comment_status":"open","ping_status":"open","sticky":false,"template":"","format":"standard","meta":{"_themeisle_gutenberg_block_has_review":false,"footnotes":""},"categories":[2797,81],"tags":[1515],"class_list":["post-12927","post","type-post","status-publish","format-standard","has-post-thumbnail","hentry","category-accidente","category-general","tag-cgt"],"_links":{"self":[{"href":"https:\/\/horapicodigital.com.ar\/index.php\/wp-json\/wp\/v2\/posts\/12927","targetHints":{"allow":["GET"]}}],"collection":[{"href":"https:\/\/horapicodigital.com.ar\/index.php\/wp-json\/wp\/v2\/posts"}],"about":[{"href":"https:\/\/horapicodigital.com.ar\/index.php\/wp-json\/wp\/v2\/types\/post"}],"author":[{"embeddable":true,"href":"https:\/\/horapicodigital.com.ar\/index.php\/wp-json\/wp\/v2\/users\/7"}],"replies":[{"embeddable":true,"href":"https:\/\/horapicodigital.com.ar\/index.php\/wp-json\/wp\/v2\/comments?post=12927"}],"version-history":[{"count":1,"href":"https:\/\/horapicodigital.com.ar\/index.php\/wp-json\/wp\/v2\/posts\/12927\/revisions"}],"predecessor-version":[{"id":12929,"href":"https:\/\/horapicodigital.com.ar\/index.php\/wp-json\/wp\/v2\/posts\/12927\/revisions\/12929"}],"wp:featuredmedia":[{"embeddable":true,"href":"https:\/\/horapicodigital.com.ar\/index.php\/wp-json\/wp\/v2\/media\/12928"}],"wp:attachment":[{"href":"https:\/\/horapicodigital.com.ar\/index.php\/wp-json\/wp\/v2\/media?parent=12927"}],"wp:term":[{"taxonomy":"category","embeddable":true,"href":"https:\/\/horapicodigital.com.ar\/index.php\/wp-json\/wp\/v2\/categories?post=12927"},{"taxonomy":"post_tag","embeddable":true,"href":"https:\/\/horapicodigital.com.ar\/index.php\/wp-json\/wp\/v2\/tags?post=12927"}],"curies":[{"name":"wp","href":"https:\/\/api.w.org\/{rel}","templated":true}]}}