{"id":12860,"date":"2025-03-11T08:20:59","date_gmt":"2025-03-11T11:20:59","guid":{"rendered":"https:\/\/horapicodigital.com.ar\/?p=12860"},"modified":"2025-03-11T08:21:22","modified_gmt":"2025-03-11T11:21:22","slug":"jujuy-las-escuelas-de-capital-y-palpala-retomaran-la-actividad-manana","status":"publish","type":"post","link":"https:\/\/horapicodigital.com.ar\/index.php\/2025\/03\/11\/jujuy-las-escuelas-de-capital-y-palpala-retomaran-la-actividad-manana\/","title":{"rendered":"Jujuy: las escuelas de capital y Palpal\u00e1 retomar\u00e1n la actividad Hoy"},"content":{"rendered":"\n<p>Ministerio de Educaci\u00f3n informa que este martes 11 de marzo las clases ser\u00e1n normales en San Salvador de Jujuy y Palpal\u00e1.<\/p>\n\n\n\n<p>No obstante se recuerda que en funci\u00f3n de las condiciones imperantes a causa del tiempo, los directivos est\u00e1n facultados a suspender actividades en ocasi\u00f3n de peligro inminente, razones sanitarias o de seguridad con aviso a su supervisor (Resoluci\u00f3n 4255-E-24- Apartado 6-Anuario Escolar-).<\/p>\n\n\n\n<p>La Secretar\u00eda de Infraestructura Educativa, por otro lado, trabaja intensamente en el relevamiento y asistencia en edificios escolares.<\/p>\n\n\n\n<p>En este sentido se ha realizado un relevamiento de la situaci\u00f3n edilicia para detectar da\u00f1os por las lluvias.<\/p>\n\n\n\n<p>Adem\u00e1s, se ha establecido contacto con los directivos de instituciones que han tenido antecedentes de problemas edilicios y fueron atendidos con Obras Menores, a fin de verificar el correcto funcionamiento de las mismas.<\/p>\n\n\n\n<p>Asimismo, la Secretar\u00eda mantiene una coordinaci\u00f3n constante con las empresas prestadoras de servicios de electricidad y agua potable para conocer el estado de cada zona y escuela en particular.<\/p>\n\n\n\n<p>Tambi\u00e9n sobre el estado de las obras de remodelaci\u00f3n de escuelas.<\/p>\n\n\n\n<p>Hay situaciones puntuales como en la Escuela N\u00b0 190 \u201cMacedonio Graz\u201d del barrio Los Huaico, donde se hicieron presente los equipos t\u00e9cnicos.<\/p>\n\n\n\n<p>De esta forma, el Ministerio de Educaci\u00f3n trabaja para garantizar la seguridad y el normal funcionamiento de los establecimientos educativos.<\/p>\n\n\n\n<p>La comunidad educativa de San Salvador de Jujuy y Palpal\u00e1 retomar\u00e1 sus actividades con normalidad este martes 11 de marzo, luego de la suspensi\u00f3n preventiva de clases el lunes 10 de marzo.<\/p>\n\n\n\n<p>Gracias al trabajo coordinado de las distintas \u00e1reas de Gobierno, se han garantizado las condiciones de seguridad y operatividad necesarias para el regreso a las aulas.<\/p>\n\n\n\n<p>El Ministerio de Educaci\u00f3n destaca y agradece el compromiso de las familias, docentes y estudiantes durante esta medida excepcional, adoptada con el objetivo de priorizar la seguridad de toda la comunidad.<\/p>\n\n\n\n<p><\/p>\n","protected":false},"excerpt":{"rendered":"<p>Ministerio de Educaci\u00f3n informa que este martes 11 de marzo las clases ser\u00e1n normales en San Salvador de Jujuy y Palpal\u00e1. No obstante se recuerda que en funci\u00f3n de las condiciones imperantes a causa del tiempo, los directivos est\u00e1n facultados a suspender actividades en ocasi\u00f3n de peligro inminente, razones sanitarias o de seguridad con aviso [&hellip;]<\/p>\n","protected":false},"author":7,"featured_media":12861,"comment_status":"open","ping_status":"open","sticky":false,"template":"","format":"standard","meta":{"_themeisle_gutenberg_block_has_review":false,"footnotes":""},"categories":[248],"tags":[58],"class_list":["post-12860","post","type-post","status-publish","format-standard","has-post-thumbnail","hentry","category-educacion","tag-jujuy"],"_links":{"self":[{"href":"https:\/\/horapicodigital.com.ar\/index.php\/wp-json\/wp\/v2\/posts\/12860","targetHints":{"allow":["GET"]}}],"collection":[{"href":"https:\/\/horapicodigital.com.ar\/index.php\/wp-json\/wp\/v2\/posts"}],"about":[{"href":"https:\/\/horapicodigital.com.ar\/index.php\/wp-json\/wp\/v2\/types\/post"}],"author":[{"embeddable":true,"href":"https:\/\/horapicodigital.com.ar\/index.php\/wp-json\/wp\/v2\/users\/7"}],"replies":[{"embeddable":true,"href":"https:\/\/horapicodigital.com.ar\/index.php\/wp-json\/wp\/v2\/comments?post=12860"}],"version-history":[{"count":2,"href":"https:\/\/horapicodigital.com.ar\/index.php\/wp-json\/wp\/v2\/posts\/12860\/revisions"}],"predecessor-version":[{"id":12863,"href":"https:\/\/horapicodigital.com.ar\/index.php\/wp-json\/wp\/v2\/posts\/12860\/revisions\/12863"}],"wp:featuredmedia":[{"embeddable":true,"href":"https:\/\/horapicodigital.com.ar\/index.php\/wp-json\/wp\/v2\/media\/12861"}],"wp:attachment":[{"href":"https:\/\/horapicodigital.com.ar\/index.php\/wp-json\/wp\/v2\/media?parent=12860"}],"wp:term":[{"taxonomy":"category","embeddable":true,"href":"https:\/\/horapicodigital.com.ar\/index.php\/wp-json\/wp\/v2\/categories?post=12860"},{"taxonomy":"post_tag","embeddable":true,"href":"https:\/\/horapicodigital.com.ar\/index.php\/wp-json\/wp\/v2\/tags?post=12860"}],"curies":[{"name":"wp","href":"https:\/\/api.w.org\/{rel}","templated":true}]}}