{"id":12838,"date":"2025-03-10T07:14:17","date_gmt":"2025-03-10T10:14:17","guid":{"rendered":"https:\/\/horapicodigital.com.ar\/?p=12838"},"modified":"2025-03-10T07:14:23","modified_gmt":"2025-03-10T10:14:23","slug":"hoy-no-hay-clases-en-san-salvador-de-jujuy-y-palpala-por-falta-de-agua","status":"publish","type":"post","link":"https:\/\/horapicodigital.com.ar\/index.php\/2025\/03\/10\/hoy-no-hay-clases-en-san-salvador-de-jujuy-y-palpala-por-falta-de-agua\/","title":{"rendered":"Hoy no hay clases en San Salvador de Jujuy y Palpal\u00e1 por falta de agua"},"content":{"rendered":"\n<p>El Ministerio de Educaci\u00f3n inform\u00f3 que por la falta de agua en varios sectores de San Salvador de Jujuy y Palpal\u00e1, este lunes 10 de marzo se suspenden las clases.<\/p>\n\n\n\n<p><strong>El Ministerio de Educaci\u00f3n de Jujuy anunci\u00f3 que este lunes 10 de marzo no habr\u00e1 clases ni actividades administrativas en San Salvador de Jujuy y Palpal\u00e1<\/strong>. La decisi\u00f3n responde a la falta de agua potable en varios sectores de ambas ciudades, lo que impide garantizar condiciones adecuadas de higiene en los establecimientos educativos.<\/p>\n\n\n\n<p>Desde la Secretar\u00eda de Gesti\u00f3n Educativa informaron que la falta de suministro de agua potable gener\u00f3 la necesidad de tomar esta determinaci\u00f3n. \u201cDebemos priorizar la seguridad y la salud de estudiantes y personal educativo.<strong>\u00a0Ante la persistente interrupci\u00f3n del servicio, se tom\u00f3 la decisi\u00f3n de suspender actividades en todas las instituciones afectadas\u201d, indicaron desde el Ministerio.<\/strong><\/p>\n\n\n\n<p>La medida abarca tanto a las escuelas de gesti\u00f3n estatal como privada en las dos localidades mencionadas. Autoridades educativas explicaron que el restablecimiento del servicio de agua es clave para garantizar la higiene y el correcto funcionamiento de los establecimientos.<\/p>\n\n\n\n<h2 class=\"wp-block-heading\"><strong>Las autoridades piden estar atentos a nuevas disposiciones<\/strong><\/h2>\n\n\n\n<p><strong>Desde el Ministerio de Educaci\u00f3n recomendaron a la comunidad educativa mantenerse informada a trav\u00e9s de los canales oficiales.<\/strong>&nbsp;\u201cCualquier novedad ser\u00e1 comunicada de manera oportuna. Estamos atentos a la evoluci\u00f3n de la situaci\u00f3n para tomar nuevas decisiones si es necesario\u201d, destacaron.<\/p>\n\n\n\n<p>Mientras tanto, se espera que el suministro de agua potable se normalice en las pr\u00f3ximas horas para garantizar el regreso a la actividad en las escuelas afectadas.<\/p>\n","protected":false},"excerpt":{"rendered":"<p>El Ministerio de Educaci\u00f3n inform\u00f3 que por la falta de agua en varios sectores de San Salvador de Jujuy y Palpal\u00e1, este lunes 10 de marzo se suspenden las clases. El Ministerio de Educaci\u00f3n de Jujuy anunci\u00f3 que este lunes 10 de marzo no habr\u00e1 clases ni actividades administrativas en San Salvador de Jujuy y [&hellip;]<\/p>\n","protected":false},"author":7,"featured_media":12839,"comment_status":"open","ping_status":"open","sticky":false,"template":"","format":"standard","meta":{"_themeisle_gutenberg_block_has_review":false,"footnotes":""},"categories":[248],"tags":[58],"class_list":["post-12838","post","type-post","status-publish","format-standard","has-post-thumbnail","hentry","category-educacion","tag-jujuy"],"_links":{"self":[{"href":"https:\/\/horapicodigital.com.ar\/index.php\/wp-json\/wp\/v2\/posts\/12838","targetHints":{"allow":["GET"]}}],"collection":[{"href":"https:\/\/horapicodigital.com.ar\/index.php\/wp-json\/wp\/v2\/posts"}],"about":[{"href":"https:\/\/horapicodigital.com.ar\/index.php\/wp-json\/wp\/v2\/types\/post"}],"author":[{"embeddable":true,"href":"https:\/\/horapicodigital.com.ar\/index.php\/wp-json\/wp\/v2\/users\/7"}],"replies":[{"embeddable":true,"href":"https:\/\/horapicodigital.com.ar\/index.php\/wp-json\/wp\/v2\/comments?post=12838"}],"version-history":[{"count":1,"href":"https:\/\/horapicodigital.com.ar\/index.php\/wp-json\/wp\/v2\/posts\/12838\/revisions"}],"predecessor-version":[{"id":12840,"href":"https:\/\/horapicodigital.com.ar\/index.php\/wp-json\/wp\/v2\/posts\/12838\/revisions\/12840"}],"wp:featuredmedia":[{"embeddable":true,"href":"https:\/\/horapicodigital.com.ar\/index.php\/wp-json\/wp\/v2\/media\/12839"}],"wp:attachment":[{"href":"https:\/\/horapicodigital.com.ar\/index.php\/wp-json\/wp\/v2\/media?parent=12838"}],"wp:term":[{"taxonomy":"category","embeddable":true,"href":"https:\/\/horapicodigital.com.ar\/index.php\/wp-json\/wp\/v2\/categories?post=12838"},{"taxonomy":"post_tag","embeddable":true,"href":"https:\/\/horapicodigital.com.ar\/index.php\/wp-json\/wp\/v2\/tags?post=12838"}],"curies":[{"name":"wp","href":"https:\/\/api.w.org\/{rel}","templated":true}]}}