{"id":12829,"date":"2025-03-08T08:00:35","date_gmt":"2025-03-08T11:00:35","guid":{"rendered":"https:\/\/horapicodigital.com.ar\/?p=12829"},"modified":"2025-03-08T08:00:41","modified_gmt":"2025-03-08T11:00:41","slug":"habilitan-mesas-extraordinarias-para-el-nivel-secundario","status":"publish","type":"post","link":"https:\/\/horapicodigital.com.ar\/index.php\/2025\/03\/08\/habilitan-mesas-extraordinarias-para-el-nivel-secundario\/","title":{"rendered":"Habilitan mesas extraordinarias para el Nivel Secundario"},"content":{"rendered":"\n<p>El Ministerio de Educaci\u00f3n a trav\u00e9s de la Secretar\u00eda de Gesti\u00f3n Educativa, autoriz\u00f3 de forma excepcional un turno extraordinario para las instancias evaluativas a desarrollarse entre los d\u00edas 25 y 28 de marzo del corriente a\u00f1o, en instituciones de Nivel Secundario de gesti\u00f3n estatal, privada, social, municipal y\/o cooperativa.<\/p>\n\n\n\n<p>La medida, aprobada por\u00a0<a href=\"https:\/\/drive.google.com\/file\/d\/1g43K8deyflKGKwAWwnjIhvdq-AZAO4ux\/view?usp=sharing\" target=\"_blank\" rel=\"noreferrer noopener\">Resoluci\u00f3n 041-SGE-25<\/a>\u00a0est\u00e1 dirigida a aquellos estudiantes no promovidos, que adeuden espacios pendientes de acreditaci\u00f3n, con posibilidades de acceder al curso inmediato superior.<\/p>\n\n\n\n<p>Por lo tanto, los estudiantes podr\u00e1n rendir hasta dos espacios curriculares pendientes de acreditaci\u00f3n para promover al curso inmediato superior, recordando que solo podr\u00e1n inscribirse en las instancias evaluativas los estudiantes de 1\u00ba a\u00f1o que tengan hasta cinco espacios curriculares pendientes de acreditaci\u00f3n, de 2\u00ba a 4\u00ba (escuelas secundarias orientadas y art\u00edsticas) y de 2\u00ba a 5\u00ba a\u00f1o (escuelas t\u00e9cnicas y agrot\u00e9cnicas) con hasta cuatro espacios pendientes de acreditaci\u00f3n.<\/p>\n\n\n\n<p>Las inscripciones a las instancias evaluativas se realizar\u00e1n los d\u00edas 12 y 13 de marzo en cada instituci\u00f3n educativa, donde se matricularon\/inscribieron para el Ciclo Lectivo 2025.<\/p>\n\n\n\n<p>Las instituciones educativas deber\u00e1n organizar esta instancia sin afectar el desarrollo normal de actividades, ya que la evaluaci\u00f3n se llevar\u00e1 a cabo sin suspensi\u00f3n de clases.<\/p>\n\n\n\n<p>Por lo tanto, los estudiantes podr\u00e1n rendir hasta dos espacios curriculares pendientes de acreditaci\u00f3n para promover al curso inmediato superior, recordando que solo podr\u00e1n inscribirse en las instancias evaluativas los estudiantes de 1\u00ba a\u00f1o que tengan hasta cinco espacios curriculares pendientes de acreditaci\u00f3n, de 2\u00ba a 4\u00ba (escuelas secundarias orientadas y art\u00edsticas) y de 2\u00ba a 5\u00ba a\u00f1o (escuelas t\u00e9cnicas y agrot\u00e9cnicas) con hasta cuatro espacios pendientes de acreditaci\u00f3n.<\/p>\n\n\n\n<p>Las inscripciones a las instancias evaluativas se realizar\u00e1n los d\u00edas 12 y 13 de marzo en cada instituci\u00f3n educativa, donde se matricularon\/inscribieron para el Ciclo Lectivo 2025.<\/p>\n\n\n\n<p>Las instituciones educativas deber\u00e1n organizar esta instancia sin afectar el desarrollo normal de actividades, ya que la evaluaci\u00f3n se llevar\u00e1 a cabo sin suspensi\u00f3n de clases.<\/p>\n\n\n\n<p><\/p>\n","protected":false},"excerpt":{"rendered":"<p>El Ministerio de Educaci\u00f3n a trav\u00e9s de la Secretar\u00eda de Gesti\u00f3n Educativa, autoriz\u00f3 de forma excepcional un turno extraordinario para las instancias evaluativas a desarrollarse entre los d\u00edas 25 y 28 de marzo del corriente a\u00f1o, en instituciones de Nivel Secundario de gesti\u00f3n estatal, privada, social, municipal y\/o cooperativa. La medida, aprobada por\u00a0Resoluci\u00f3n 041-SGE-25\u00a0est\u00e1 dirigida [&hellip;]<\/p>\n","protected":false},"author":7,"featured_media":12830,"comment_status":"open","ping_status":"open","sticky":false,"template":"","format":"standard","meta":{"_themeisle_gutenberg_block_has_review":false,"footnotes":""},"categories":[248],"tags":[58,85],"class_list":["post-12829","post","type-post","status-publish","format-standard","has-post-thumbnail","hentry","category-educacion","tag-jujuy","tag-pais"],"_links":{"self":[{"href":"https:\/\/horapicodigital.com.ar\/index.php\/wp-json\/wp\/v2\/posts\/12829","targetHints":{"allow":["GET"]}}],"collection":[{"href":"https:\/\/horapicodigital.com.ar\/index.php\/wp-json\/wp\/v2\/posts"}],"about":[{"href":"https:\/\/horapicodigital.com.ar\/index.php\/wp-json\/wp\/v2\/types\/post"}],"author":[{"embeddable":true,"href":"https:\/\/horapicodigital.com.ar\/index.php\/wp-json\/wp\/v2\/users\/7"}],"replies":[{"embeddable":true,"href":"https:\/\/horapicodigital.com.ar\/index.php\/wp-json\/wp\/v2\/comments?post=12829"}],"version-history":[{"count":1,"href":"https:\/\/horapicodigital.com.ar\/index.php\/wp-json\/wp\/v2\/posts\/12829\/revisions"}],"predecessor-version":[{"id":12831,"href":"https:\/\/horapicodigital.com.ar\/index.php\/wp-json\/wp\/v2\/posts\/12829\/revisions\/12831"}],"wp:featuredmedia":[{"embeddable":true,"href":"https:\/\/horapicodigital.com.ar\/index.php\/wp-json\/wp\/v2\/media\/12830"}],"wp:attachment":[{"href":"https:\/\/horapicodigital.com.ar\/index.php\/wp-json\/wp\/v2\/media?parent=12829"}],"wp:term":[{"taxonomy":"category","embeddable":true,"href":"https:\/\/horapicodigital.com.ar\/index.php\/wp-json\/wp\/v2\/categories?post=12829"},{"taxonomy":"post_tag","embeddable":true,"href":"https:\/\/horapicodigital.com.ar\/index.php\/wp-json\/wp\/v2\/tags?post=12829"}],"curies":[{"name":"wp","href":"https:\/\/api.w.org\/{rel}","templated":true}]}}