{"id":12671,"date":"2025-02-25T06:48:05","date_gmt":"2025-02-25T09:48:05","guid":{"rendered":"https:\/\/horapicodigital.com.ar\/?p=12671"},"modified":"2025-02-25T07:20:56","modified_gmt":"2025-02-25T10:20:56","slug":"inicio-de-clases-en-santa-fe-las-escuelas-abrieron-a-pesar-del-paro-docente-y-el-gobierno-evalua-pagar-el-aumento-por-decreto","status":"publish","type":"post","link":"https:\/\/horapicodigital.com.ar\/index.php\/2025\/02\/25\/inicio-de-clases-en-santa-fe-las-escuelas-abrieron-a-pesar-del-paro-docente-y-el-gobierno-evalua-pagar-el-aumento-por-decreto\/","title":{"rendered":"Inicio de clases en Santa Fe: las escuelas abrieron a pesar del paro docente y el Gobierno eval\u00faa pagar el aumento por decreto"},"content":{"rendered":"\n<h1 class=\"wp-block-heading\">Cicio de clases en Santa Fe: las escuel<\/h1>\n\n\n\n<p>Las clases en Santa Fe comenzaron con medidas de fuerza de los docentes tras el rechazo a la oferta salarial del gobierno. Pullaro apunt\u00f3 contra los gremios. \u00bfSe pagar\u00e1 el aumento por decreto o habr\u00e1 nueva convocatoria?<\/p>\n\n\n\n<p>Este lunes 24 de febrero, se dio inicio formal al&nbsp;<strong>ciclo lectivo<\/strong>&nbsp;2025 en las&nbsp;<strong>escuelas&nbsp;<\/strong>de todo el territorio de la&nbsp;<strong>provincia de Santa Fe<\/strong>. El comienzo de las clases, a pesar de la expectativa de los chicos y de los padres, se dio en un contexto de incertidumbre debido a un paro convocado por los gremios de docentes&nbsp;<strong>Amsaf\u00e9&nbsp;<\/strong>y&nbsp;<strong>UDA<\/strong>.<\/p>\n\n\n\n<p>Es que los maestros resolvieron iniciar un plan de lucha en rechazo a la oferta salarial recibida por parte del&nbsp;<strong>gobierno de Santa Fe<\/strong>, consistente en un incremento del 3,1% para el mes de enero y del 1,9 % para el mes de febrero. La propuesta del 5% corresponde al primer trimestre (enero-febrero-marzo), junto con el compromiso de volver a discutir en el mes de abril.<\/p>\n\n\n\n<p>Ante el rechazo de los gremios a la oferta salarial \u2013y la convocatoria al paro-, el gobierno volvi\u00f3 a lanzar duras cr\u00edticas hacia los gremios y sus dirigentes, e inst\u00f3 a los padres a que lleven a los chicos a las escuelas, pese a la medida de fuerza.<\/p>\n\n\n\n<p>Este lunes, Maximiliano Pullaro remarc\u00f3 que \u201cdespu\u00e9s de 14 a\u00f1os, los chicos estuvieron en los establecimientos educativos p\u00fablicos y privados el d\u00eda que comenzaron las clases\u201d, y afirm\u00f3 que esto \u201ccambia el paradigma, porque m\u00e1s all\u00e1 de la discusi\u00f3n que podemos tener con los gremios, los chicos est\u00e1n en las escuelas aprendiendo, pero fundamentalmente mejorando la calidad educativa que necesit\u00e1bamos en la provincia\u201d.<\/p>\n\n\n\n<p>Consultado sobre el porcentaje de adhesi\u00f3n a la medida de fuerza impulsada por el gremio representante de los docentes p\u00fablicos -Amsaf\u00e9-, Pullaro asegur\u00f3 que fue \u201cmuy bajo\u201d seg\u00fan la evaluaci\u00f3n que realiz\u00f3 la Provincia:&nbsp;\u201cMuy por encima del 95 % de los docentes fueron a dar clases\u201d, sostuvo el mandatario.<\/p>\n\n\n\n<p>Adem\u00e1s, Pullaro se refiri\u00f3 al paro impulsado por Ctera a nivel nacional al afirmar que \u201cdesde Buenos Aires no nos van a venir a marcar la cancha. (Roberto) Baradel no va a venir a decirle a la provincia cuando tenemos que parar las escuelas. Ac\u00e1 los santafesinos le dijeron que no al paro de Baradel y hoy despu\u00e9s de 14 a\u00f1os las escuelas estuvieron abiertas\u201d.<\/p>\n\n\n\n<h2 class=\"wp-block-heading\">Di\u00e1logo permanente<\/h2>\n\n\n\n<p>Por otra parte, el mandatario santafesino asegur\u00f3 que \u201cel di\u00e1logo es permanente con los gremios docentes; vamos a seguir charlando pero&nbsp;no va a haber una nueva oferta porque hicimos todos los esfuerzos en materia econ\u00f3mica para recomponer los salarios&nbsp;de los empleados p\u00fablicos y ser\u00eda una falta de respeto cuando muchos gremios aceptaron la oferta salarial del Gobierno Provincial\u201d, a la vez que reconoci\u00f3 \u201cseguir charlando otro tipo de condiciones y vamos a continuar esforz\u00e1ndonos para mejorar los salarios de toda la administraci\u00f3n p\u00fablica. Pero no podemos desfinanciar otras pol\u00edticas p\u00fablicas como la infraestructura y los servicios\u201d.<\/p>\n\n\n\n<p>Por otro lado, respecto al pago del aumento rechazado por los docentes, Pullaro dijo que evaluar\u00e1n dar el aumento de igual manera (por decreto) a los docentes porque \u201cla inmensa mayor\u00eda estuvo en contra de la decisi\u00f3n que llev\u00f3 adelante Amsaf\u00e9\u201d, y \u201cser\u00edamos injustos con los docentes que hoy fueron a trabajar y estuvieron al frente de las aulas\u201d.<\/p>\n\n\n\n<p><strong><em>LEER M\u00c1S<\/em>&nbsp;\u25ba&nbsp;<a href=\"https:\/\/www.airedesantafe.com.ar\/santa-fe\/en-santa-fe-el-inicio-clases-es-practicamente-normal-aseguran-el-gobierno-n609446\" target=\"_blank\" rel=\"noreferrer noopener\">Para el ministro de Educaci\u00f3n \u00abtener el paro como primera y casi \u00fanica opci\u00f3n est\u00e1 agotado\u00bb<\/a><\/strong><\/p>\n\n\n\n<p>El ministro de Educaci\u00f3n,&nbsp;<strong>Jos\u00e9 Goity<\/strong>, dialog\u00f3 con AIRE y asegur\u00f3 que en Santa Fe el comienzo de clases fue&nbsp;\u00abpr\u00e1cticamente normal\u00bb&nbsp;pese al paro que lanzaron los gremios en rechazo del ofrecimiento de actualizaci\u00f3n salarial. \u00abPara Santa Fe y especialmente para las familias es un d\u00eda muy importante\u00bb, coment\u00f3 el ministro.<\/p>\n\n\n\n<h2 class=\"wp-block-heading\">Para Amsaf\u00e9 y Sadop la propuesta es \u00abinsuficiente\u00bb<\/h2>\n\n\n\n<p>Para&nbsp;<strong>Rodrigo Alonso<\/strong>, secretario general de Amsaf\u00e9, la medida de fuerza refleja&nbsp;\u00abel descontento ante la pol\u00edtica que lleva adelante el gobierno provincial, que tuvo un contrato electoral y que est\u00e1 haciendo todo lo contrario. No hay cl\u00e1usula gatillo, no se gan\u00f3 a la inflaci\u00f3n, no se respet\u00f3 a los docentes ni el 82% a los jubilados\u00bb.<\/p>\n\n\n\n<p>\u00abUn gobierno que en vez de ocuparse de resolver los conflictos con los trabajadores se preocupa en enfrentar a los docentes y tenernos como los enemigos a los maestros cuando deber\u00eda aplicar pol\u00edticas que mejoren el salario, las condiciones de trabajo\u00bb, agreg\u00f3 el gremialista.<\/p>\n\n\n\n<p>Por \u00faltimo, Alonso asegur\u00f3 que el Gobierno provincial \u00abcastiga a los docentes\u00bb por llevar adelante un paro nacional que \u00abimplican m\u00e1s fondos para Santa Fe, donde exigimos que Naci\u00f3n env\u00ede m\u00e1s recursos para el incentivo\u00bb.<\/p>\n\n\n\n<p><\/p>\n","protected":false},"excerpt":{"rendered":"<p>Cicio de clases en Santa Fe: las escuel Las clases en Santa Fe comenzaron con medidas de fuerza de los docentes tras el rechazo a la oferta salarial del gobierno. Pullaro apunt\u00f3 contra los gremios. \u00bfSe pagar\u00e1 el aumento por decreto o habr\u00e1 nueva convocatoria? Este lunes 24 de febrero, se dio inicio formal al&nbsp;ciclo [&hellip;]<\/p>\n","protected":false},"author":7,"featured_media":12672,"comment_status":"open","ping_status":"open","sticky":false,"template":"","format":"standard","meta":{"_themeisle_gutenberg_block_has_review":false,"footnotes":""},"categories":[248],"tags":[85],"class_list":["post-12671","post","type-post","status-publish","format-standard","has-post-thumbnail","hentry","category-educacion","tag-pais"],"_links":{"self":[{"href":"https:\/\/horapicodigital.com.ar\/index.php\/wp-json\/wp\/v2\/posts\/12671","targetHints":{"allow":["GET"]}}],"collection":[{"href":"https:\/\/horapicodigital.com.ar\/index.php\/wp-json\/wp\/v2\/posts"}],"about":[{"href":"https:\/\/horapicodigital.com.ar\/index.php\/wp-json\/wp\/v2\/types\/post"}],"author":[{"embeddable":true,"href":"https:\/\/horapicodigital.com.ar\/index.php\/wp-json\/wp\/v2\/users\/7"}],"replies":[{"embeddable":true,"href":"https:\/\/horapicodigital.com.ar\/index.php\/wp-json\/wp\/v2\/comments?post=12671"}],"version-history":[{"count":2,"href":"https:\/\/horapicodigital.com.ar\/index.php\/wp-json\/wp\/v2\/posts\/12671\/revisions"}],"predecessor-version":[{"id":12677,"href":"https:\/\/horapicodigital.com.ar\/index.php\/wp-json\/wp\/v2\/posts\/12671\/revisions\/12677"}],"wp:featuredmedia":[{"embeddable":true,"href":"https:\/\/horapicodigital.com.ar\/index.php\/wp-json\/wp\/v2\/media\/12672"}],"wp:attachment":[{"href":"https:\/\/horapicodigital.com.ar\/index.php\/wp-json\/wp\/v2\/media?parent=12671"}],"wp:term":[{"taxonomy":"category","embeddable":true,"href":"https:\/\/horapicodigital.com.ar\/index.php\/wp-json\/wp\/v2\/categories?post=12671"},{"taxonomy":"post_tag","embeddable":true,"href":"https:\/\/horapicodigital.com.ar\/index.php\/wp-json\/wp\/v2\/tags?post=12671"}],"curies":[{"name":"wp","href":"https:\/\/api.w.org\/{rel}","templated":true}]}}