{"id":12665,"date":"2025-02-25T06:34:15","date_gmt":"2025-02-25T09:34:15","guid":{"rendered":"https:\/\/horapicodigital.com.ar\/?p=12665"},"modified":"2025-02-25T06:34:21","modified_gmt":"2025-02-25T09:34:21","slug":"se-rompio-el-dialogo-y-los-gremios-docentes-convocaron-a-un-nuevo-paro-nacional","status":"publish","type":"post","link":"https:\/\/horapicodigital.com.ar\/index.php\/2025\/02\/25\/se-rompio-el-dialogo-y-los-gremios-docentes-convocaron-a-un-nuevo-paro-nacional\/","title":{"rendered":"Se rompi\u00f3 el di\u00e1logo y los gremios docentes convocaron a un nuevo paro nacional"},"content":{"rendered":"\n<p><br><strong>Fue anunciado para el mi\u00e9rcoles 5 de marzo<\/strong><\/p>\n\n\n\n<p>Los gremios docentes de la CGT rechazaron la oferta salarial del Gobierno y ratificaron el paro nacional del 5 de marzo, lo que incrementa el nivel de conflictividad con el inicio de las clases muy pr\u00f3ximo en todo el pa\u00eds. Las negociaciones se hab\u00edan dado este lunes en medio de otra medida de fuerza lanzada por los sindicatos, que respondi\u00f3&nbsp;a la falta de convocatoria a la Paritaria Nacional Docente por parte del Ministerio de Capital Humano. La medida fue anunciada por el Sindicato Argentino de Docentes Privados (Sadop) junto con otros gremios en la sede de la CGT.<\/p>\n\n\n\n<p>La cartera que conduce Sandra Pettovello inform\u00f3 que en la reuni\u00f3n paritaria los sindicalistas rechazaron la propuesta de \u00ablas provincias, a trav\u00e9s del \u00f3rgano de representaci\u00f3n que es el Consejo Federal de Educaci\u00f3n (CFE) de 500 mil pesos desde febrero para un docente de media jornada\u00bb. Desde el sindicato explicaron, en cambio, que el reclamo no solo apunta a los sueldos, sino tambi\u00e9n \u00aba la defensa de la educaci\u00f3n p\u00fablica\u00bb, y recordaron que el actual piso salarial fue fijado por decreto a mediados del a\u00f1o pasado, mientras la inflaci\u00f3n sigui\u00f3 su curso.&nbsp;<\/p>\n\n\n\n<p>En la reuni\u00f3n de la mesa del Salario M\u00ednimo Docente Garantizado (SMDG), estuvieron presentes los secretarios de Educaci\u00f3n y Trabajo, Carlos Torrendell y Julio Cordero, respectivamente, junto a representantes de los gremios docentes nacionales y del comit\u00e9 ejecutivo del CFE, que est\u00e1 integrado por ministros de Educaci\u00f3n de las distintas regiones del pa\u00eds.<\/p>\n\n\n\n<p>De esta manera, los gremios de la Confederaci\u00f3n de Educadores de Argentina (CEA), Confederaci\u00f3n de Trabajadores de la Educaci\u00f3n (CTERA), Uni\u00f3n de Docentes Argentinos (UDA) y la Asociaci\u00f3n del Magisterio de la Ense\u00f1anza T\u00e9cnica (AMET) ratificaron el paro del 5 de marzo pr\u00f3ximo, que se sumar\u00e1 al que realizaron hoy.<\/p>\n\n\n\n<p>Las conversaciones paritarias tuvieron lugar en la sede de la Secretar\u00eda de Trabajo, aunque los titulares de Educaci\u00f3n provinciales se conectaron de manera remota.<br>Los secretarios del Gobierno compartieron un informe sobre las realidades salariales en cada provincia y acercaron un esquema que buscaba unificar en un piso com\u00fan de 500 mil pesos desde febrero la propuesta salarial para docentes de media jornada, esto es, 4 horas, de manera tal de terminar con la \u00abdispersi\u00f3n salarial que existe entre los docentes de las 24 jurisdicciones del pa\u00eds\u00bb.<\/p>\n\n\n\n<p><\/p>\n","protected":false},"excerpt":{"rendered":"<p>Fue anunciado para el mi\u00e9rcoles 5 de marzo Los gremios docentes de la CGT rechazaron la oferta salarial del Gobierno y ratificaron el paro nacional del 5 de marzo, lo que incrementa el nivel de conflictividad con el inicio de las clases muy pr\u00f3ximo en todo el pa\u00eds. Las negociaciones se hab\u00edan dado este lunes [&hellip;]<\/p>\n","protected":false},"author":7,"featured_media":12666,"comment_status":"open","ping_status":"open","sticky":false,"template":"","format":"standard","meta":{"_themeisle_gutenberg_block_has_review":false,"footnotes":""},"categories":[248],"tags":[85],"class_list":["post-12665","post","type-post","status-publish","format-standard","has-post-thumbnail","hentry","category-educacion","tag-pais"],"_links":{"self":[{"href":"https:\/\/horapicodigital.com.ar\/index.php\/wp-json\/wp\/v2\/posts\/12665","targetHints":{"allow":["GET"]}}],"collection":[{"href":"https:\/\/horapicodigital.com.ar\/index.php\/wp-json\/wp\/v2\/posts"}],"about":[{"href":"https:\/\/horapicodigital.com.ar\/index.php\/wp-json\/wp\/v2\/types\/post"}],"author":[{"embeddable":true,"href":"https:\/\/horapicodigital.com.ar\/index.php\/wp-json\/wp\/v2\/users\/7"}],"replies":[{"embeddable":true,"href":"https:\/\/horapicodigital.com.ar\/index.php\/wp-json\/wp\/v2\/comments?post=12665"}],"version-history":[{"count":1,"href":"https:\/\/horapicodigital.com.ar\/index.php\/wp-json\/wp\/v2\/posts\/12665\/revisions"}],"predecessor-version":[{"id":12667,"href":"https:\/\/horapicodigital.com.ar\/index.php\/wp-json\/wp\/v2\/posts\/12665\/revisions\/12667"}],"wp:featuredmedia":[{"embeddable":true,"href":"https:\/\/horapicodigital.com.ar\/index.php\/wp-json\/wp\/v2\/media\/12666"}],"wp:attachment":[{"href":"https:\/\/horapicodigital.com.ar\/index.php\/wp-json\/wp\/v2\/media?parent=12665"}],"wp:term":[{"taxonomy":"category","embeddable":true,"href":"https:\/\/horapicodigital.com.ar\/index.php\/wp-json\/wp\/v2\/categories?post=12665"},{"taxonomy":"post_tag","embeddable":true,"href":"https:\/\/horapicodigital.com.ar\/index.php\/wp-json\/wp\/v2\/tags?post=12665"}],"curies":[{"name":"wp","href":"https:\/\/api.w.org\/{rel}","templated":true}]}}