{"id":12662,"date":"2025-02-24T06:46:29","date_gmt":"2025-02-24T09:46:29","guid":{"rendered":"https:\/\/horapicodigital.com.ar\/?p=12662"},"modified":"2025-02-24T06:46:35","modified_gmt":"2025-02-24T09:46:35","slug":"otro-barrio-de-palpala-expone-el-crecimiento-de-la-delincuencia","status":"publish","type":"post","link":"https:\/\/horapicodigital.com.ar\/index.php\/2025\/02\/24\/otro-barrio-de-palpala-expone-el-crecimiento-de-la-delincuencia\/","title":{"rendered":"Otro barrio de Palpal\u00e1 expone el crecimiento de la delincuencia"},"content":{"rendered":"\n<p>Vecinos del\u00a0<strong>barrio Ej\u00e9rcito Argentino<\/strong>\u00a0vienen manifestando su preocupaci\u00f3n ante los hechos de inseguridad que van en aumento. Han logrado reunirse con concejales y funcionarios del Ministerio de Seguridad y esperan soluciones.<\/p>\n\n\n\n<ul class=\"wp-block-list\">\n<li><strong>Inseguridad en Palpal\u00e1.<\/strong><\/li>\n\n\n\n<li><strong>Vecino del barrio Ej\u00e9rcito Argentino hicieron p\u00fablica su inquietud ante la delincuencia, sobre todo en la zona de la pasarela.<\/strong><\/li>\n\n\n\n<li><strong>Esperan soluciones de parte del municipio y la polic\u00eda.<\/strong><\/li>\n<\/ul>\n\n\n\n<p>La inseguridad y el consumo de drogas\u00a0<strong>golpean a la ciudad de Palpal\u00e1<\/strong>.<\/p>\n\n\n\n<p>Preocupados por la situaci\u00f3n,\u00a0<strong>vecinos del barrio Ej\u00e9rcito Argentino hab\u00edan acudido al Concejo Deliberante en busca de soluciones.<\/strong><\/p>\n\n\n\n<p>El trabajo desde el Centro Vecinal del sector sider\u00fargico contin\u00faa y este mi\u00e9rcoles\u00a0<strong>lograron mantener una reuni\u00f3n con funcionarios policiales y del Ministerio de Seguridad<\/strong>\u00a0para plantear sus inquietudes y tratar de conseguir acciones concretas que reduzcan la delincuencia.<\/p>\n\n\n\n<p><strong>Fabio Petruccioli<\/strong>, residente del sector,\u00a0<strong>manifest\u00f3 su preocupaci\u00f3n por los episodios delictivos y dijo que la pasarela es una zona extremadamente complicada, a toda hora.<\/strong><\/p>\n\n\n\n<p>\u201c<em>Tenemos muchos hechos de robo, de agresiones a gente que baja por la pasarela y por eso esperamos que nos puedan cuidar un poco m\u00e1s. La pasarela es un puente de uni\u00f3n para una zona que no tiene iluminaci\u00f3n. Es a cualquier hora, pero en el horario nocturno o muy temprano a la ma\u00f1ana es mayor. Como vecinos intentamos ayudar pero no se puede hacer justicia propia\u201d.<\/em><\/p>\n\n\n\n<p><em>\u201cUno cuando llama por tel\u00e9fono preguntan qui\u00e9n sos y datos, si uno llama es para una emergencia, no tiene tiempo para tantas cosas. Yo estoy manejando, siguiendo a un ladr\u00f3n necesito respuestas, es mucha burocracia in\u00fatil. A veces pasa el patrullero pero hace mucho que no se lo ve, se juntan a tomar en el polideportivo no solo gente del barrio sino de ayer<\/em>\u201d, relat\u00f3.<\/p>\n\n\n\n<p><\/p>\n","protected":false},"excerpt":{"rendered":"<p>Vecinos del\u00a0barrio Ej\u00e9rcito Argentino\u00a0vienen manifestando su preocupaci\u00f3n ante los hechos de inseguridad que van en aumento. Han logrado reunirse con concejales y funcionarios del Ministerio de Seguridad y esperan soluciones. La inseguridad y el consumo de drogas\u00a0golpean a la ciudad de Palpal\u00e1. Preocupados por la situaci\u00f3n,\u00a0vecinos del barrio Ej\u00e9rcito Argentino hab\u00edan acudido al Concejo Deliberante [&hellip;]<\/p>\n","protected":false},"author":7,"featured_media":12663,"comment_status":"open","ping_status":"open","sticky":false,"template":"","format":"standard","meta":{"_themeisle_gutenberg_block_has_review":false,"footnotes":""},"categories":[118],"tags":[58],"class_list":["post-12662","post","type-post","status-publish","format-standard","has-post-thumbnail","hentry","category-sociedad","tag-jujuy"],"_links":{"self":[{"href":"https:\/\/horapicodigital.com.ar\/index.php\/wp-json\/wp\/v2\/posts\/12662","targetHints":{"allow":["GET"]}}],"collection":[{"href":"https:\/\/horapicodigital.com.ar\/index.php\/wp-json\/wp\/v2\/posts"}],"about":[{"href":"https:\/\/horapicodigital.com.ar\/index.php\/wp-json\/wp\/v2\/types\/post"}],"author":[{"embeddable":true,"href":"https:\/\/horapicodigital.com.ar\/index.php\/wp-json\/wp\/v2\/users\/7"}],"replies":[{"embeddable":true,"href":"https:\/\/horapicodigital.com.ar\/index.php\/wp-json\/wp\/v2\/comments?post=12662"}],"version-history":[{"count":1,"href":"https:\/\/horapicodigital.com.ar\/index.php\/wp-json\/wp\/v2\/posts\/12662\/revisions"}],"predecessor-version":[{"id":12664,"href":"https:\/\/horapicodigital.com.ar\/index.php\/wp-json\/wp\/v2\/posts\/12662\/revisions\/12664"}],"wp:featuredmedia":[{"embeddable":true,"href":"https:\/\/horapicodigital.com.ar\/index.php\/wp-json\/wp\/v2\/media\/12663"}],"wp:attachment":[{"href":"https:\/\/horapicodigital.com.ar\/index.php\/wp-json\/wp\/v2\/media?parent=12662"}],"wp:term":[{"taxonomy":"category","embeddable":true,"href":"https:\/\/horapicodigital.com.ar\/index.php\/wp-json\/wp\/v2\/categories?post=12662"},{"taxonomy":"post_tag","embeddable":true,"href":"https:\/\/horapicodigital.com.ar\/index.php\/wp-json\/wp\/v2\/tags?post=12662"}],"curies":[{"name":"wp","href":"https:\/\/api.w.org\/{rel}","templated":true}]}}