{"id":12546,"date":"2025-02-19T07:38:43","date_gmt":"2025-02-19T10:38:43","guid":{"rendered":"https:\/\/horapicodigital.com.ar\/?p=12546"},"modified":"2025-02-19T07:38:49","modified_gmt":"2025-02-19T10:38:49","slug":"jujuy-en-alerta-naranja-por-fuertes-tormentas-los-lugares-afectados","status":"publish","type":"post","link":"https:\/\/horapicodigital.com.ar\/index.php\/2025\/02\/19\/jujuy-en-alerta-naranja-por-fuertes-tormentas-los-lugares-afectados\/","title":{"rendered":"Jujuy en alerta naranja por fuertes tormentas: los lugares afectados"},"content":{"rendered":"\n<h2 class=\"wp-block-heading\">Sigue el pron\u00f3stico de lluvia en toda la provincia de Jujuy y hay localidades que est\u00e1n en alerta naranja y otras en amarilla.<\/h2>\n\n\n\n<p>El\u00a0<strong>Servicio Meteorol\u00f3gico Nacional\u00a0<\/strong>brind\u00f3 su pron\u00f3stico habitual del tiempo y anunci\u00f3 que la provincia de Jujuy se encuentra en alerta por fuertes tormentas para este martes, mientras que el mi\u00e9rcoles la situaci\u00f3n se normalizar\u00eda.<\/p>\n\n\n\n<h2 class=\"wp-block-heading\">Alerta Naranja en Jujuy<\/h2>\n\n\n\n<p><em><strong>Se espera para la madrugada de este martes<\/strong><\/em><\/p>\n\n\n\n<p>El \u00e1rea ser\u00e1 afectada por tormentas fuertes o severas. Las mismas estar\u00e1n acompa\u00f1adas por abundantes lluvias en cortos per\u00edodos, actividad el\u00e9ctrica intensa, granizo y r\u00e1fagas que podr\u00edan superar los 90 km\/h. Se prev\u00e9n valores de precipitaci\u00f3n acumulada entre 50 y 80 mm, que pueden ser superados de forma puntual.<\/p>\n\n\n\n<p><strong><em>Zonas afectadas: El Carmen &#8211; Ledesma &#8211; Palpal\u00e1 &#8211; San Antonio &#8211; San Pedro &#8211; Santa B\u00e1rbara &#8211; Valle Grande &#8211; Zona baja de Doctor Manuel Belgrano &#8211; Zona baja de Tilcara.<\/em><\/strong><\/p>\n\n\n\n<h2 class=\"wp-block-heading\"><strong>Alerta Amarilla en Jujuy<\/strong><\/h2>\n\n\n\n<p><em><strong>Se espera para la ma\u00f1ana y tarde de este martes<\/strong><\/em><\/p>\n\n\n\n<p>El \u00e1rea ser\u00e1 afectada por tormentas, algunas localmente fuertes. Las mismas podr\u00e1n estar acompa\u00f1adas por abundantes lluvias en cortos per\u00edodos, fuerte actividad el\u00e9ctrica, ocasional ca\u00edda de granizo y r\u00e1fagas de entre 60 y 80 km\/h. Se prev\u00e9n valores de precipitaci\u00f3n acumulada entre 30 y 50 mm, que pueden ser superados en forma puntual.<\/p>\n\n\n\n<p><em><strong>Las zonas afectadas son Zona monta\u00f1osa de Doctor Manuel Belgrano &#8211; Zona monta\u00f1osa de Humahuaca &#8211; Zona monta\u00f1osa de Tilcara &#8211; Zona monta\u00f1osa de Tumbaya<\/strong><\/em><\/p>\n\n\n\n<h2 class=\"wp-block-heading\"><strong>Recomendaciones para la poblaci\u00f3n<\/strong><\/h2>\n\n\n\n<p>El SMN comparti\u00f3 una serie de pautas para minimizar riesgos durante el alerta. Entre las principales medidas se destacan:<\/p>\n\n\n\n<ul class=\"wp-block-list\">\n<li>Evitar la acumulaci\u00f3n de basura y despejar elementos que obstaculicen el drenaje del agua.<\/li>\n\n\n\n<li>Suspender actividades al aire libre.<\/li>\n\n\n\n<li>No refugiarse bajo \u00e1rboles o postes de electricidad que puedan desplomarse.<\/li>\n\n\n\n<li>Permanecer lejos de cuerpos de agua como r\u00edos, lagunas y piletas, ya que son \u00e1reas propensas a descargas el\u00e9ctricas.<\/li>\n\n\n\n<li>Mantenerse informado a trav\u00e9s de fuentes oficiales.<\/li>\n<\/ul>\n\n\n\n<h2 class=\"wp-block-heading\"><strong>Peligros de las actividades en zonas de monta\u00f1a<\/strong><\/h2>\n\n\n\n<p><strong>Las condiciones adversas hacen que las actividades recreativas en \u00e1reas monta\u00f1osas sean especialmente peligrosas durante el alerta.<\/strong>\u00a0El aumento de precipitaciones podr\u00eda generar crecidas repentinas en r\u00edos, dificultando tanto el tr\u00e1nsito como el rescate en caso de emergencias. Adem\u00e1s, la posibilidad de nevadas en altura eleva el riesgo de hipotermia o accidentes por deslizamientos.<\/p>\n\n\n\n<p>Ante esta situaci\u00f3n, es clave priorizar la seguridad y postergar cualquier actividad al aire libre en las zonas afectadas.<\/p>\n\n\n\n<p><\/p>\n","protected":false},"excerpt":{"rendered":"<p>Sigue el pron\u00f3stico de lluvia en toda la provincia de Jujuy y hay localidades que est\u00e1n en alerta naranja y otras en amarilla. El\u00a0Servicio Meteorol\u00f3gico Nacional\u00a0brind\u00f3 su pron\u00f3stico habitual del tiempo y anunci\u00f3 que la provincia de Jujuy se encuentra en alerta por fuertes tormentas para este martes, mientras que el mi\u00e9rcoles la situaci\u00f3n se [&hellip;]<\/p>\n","protected":false},"author":7,"featured_media":12547,"comment_status":"open","ping_status":"open","sticky":false,"template":"","format":"standard","meta":{"_themeisle_gutenberg_block_has_review":false,"footnotes":""},"categories":[2711],"tags":[58],"class_list":["post-12546","post","type-post","status-publish","format-standard","has-post-thumbnail","hentry","category-clima","tag-jujuy"],"_links":{"self":[{"href":"https:\/\/horapicodigital.com.ar\/index.php\/wp-json\/wp\/v2\/posts\/12546","targetHints":{"allow":["GET"]}}],"collection":[{"href":"https:\/\/horapicodigital.com.ar\/index.php\/wp-json\/wp\/v2\/posts"}],"about":[{"href":"https:\/\/horapicodigital.com.ar\/index.php\/wp-json\/wp\/v2\/types\/post"}],"author":[{"embeddable":true,"href":"https:\/\/horapicodigital.com.ar\/index.php\/wp-json\/wp\/v2\/users\/7"}],"replies":[{"embeddable":true,"href":"https:\/\/horapicodigital.com.ar\/index.php\/wp-json\/wp\/v2\/comments?post=12546"}],"version-history":[{"count":1,"href":"https:\/\/horapicodigital.com.ar\/index.php\/wp-json\/wp\/v2\/posts\/12546\/revisions"}],"predecessor-version":[{"id":12548,"href":"https:\/\/horapicodigital.com.ar\/index.php\/wp-json\/wp\/v2\/posts\/12546\/revisions\/12548"}],"wp:featuredmedia":[{"embeddable":true,"href":"https:\/\/horapicodigital.com.ar\/index.php\/wp-json\/wp\/v2\/media\/12547"}],"wp:attachment":[{"href":"https:\/\/horapicodigital.com.ar\/index.php\/wp-json\/wp\/v2\/media?parent=12546"}],"wp:term":[{"taxonomy":"category","embeddable":true,"href":"https:\/\/horapicodigital.com.ar\/index.php\/wp-json\/wp\/v2\/categories?post=12546"},{"taxonomy":"post_tag","embeddable":true,"href":"https:\/\/horapicodigital.com.ar\/index.php\/wp-json\/wp\/v2\/tags?post=12546"}],"curies":[{"name":"wp","href":"https:\/\/api.w.org\/{rel}","templated":true}]}}