{"id":12394,"date":"2025-02-13T06:14:37","date_gmt":"2025-02-13T09:14:37","guid":{"rendered":"https:\/\/horapicodigital.com.ar\/?p=12394"},"modified":"2025-02-13T06:14:43","modified_gmt":"2025-02-13T09:14:43","slug":"la-ministra-de-jujuy-asistio-a-la-139-asamblea-del-consejo-federal-de-educacion","status":"publish","type":"post","link":"https:\/\/horapicodigital.com.ar\/index.php\/2025\/02\/13\/la-ministra-de-jujuy-asistio-a-la-139-asamblea-del-consejo-federal-de-educacion\/","title":{"rendered":"La ministra de Jujuy asisti\u00f3 a la 139 Asamblea del Consejo Federal de Educaci\u00f3n"},"content":{"rendered":"\n<h2 class=\"wp-block-heading\">El Plan Nacional de Alfabetizaci\u00f3n fue uno de los temas centrales de la agenda que compartieron los referentes de todas las provincias.<\/h2>\n\n\n\n<p>La ministra de Educaci\u00f3n de Jujuy, Miriam Serrano, particip\u00f3 este mi\u00e9rcoles en Buenos Aires, de la 139 Asamblea del Consejo Federal de Educaci\u00f3n donde, entre otros. temas, se trat\u00f3 la implementaci\u00f3n del Plan Nacional de Alfabetizaci\u00f3n.<\/p>\n\n\n\n<p>En este sentido, fue presentada la Unidad de Alfabetizaci\u00f3n con la participaci\u00f3n de referentes jurisdiccionales.<\/p>\n\n\n\n<p>La ministra Serrano destac\u00f3 que en la agenda de la jornada tambi\u00e9n se trat\u00f3 el Programa Federal Aulas Talleres M\u00f3viles para la Educaci\u00f3n T\u00e9cnico Profesional y otras l\u00edneas de trabajo como el Programa \u201cHacia la Universalizaci\u00f3n de la Jornada Extendida o Completa\u201d, entre otros.<\/p>\n\n\n\n<p>Serrano estuvo acompa\u00f1ada por la secretaria de Gesti\u00f3n Educativa Alicia Zamora y la referente de Alfabetizaci\u00f3n Alejandra Maccagno.&nbsp;<\/p>\n\n\n\n<p>El encuentro, presidido por el secretario de Educaci\u00f3n de la Naci\u00f3n Carlos Torrendell, se cumpli\u00f3 en el Sal\u00f3n Vera Pe\u00f1aloza del Palacio Sarmiento.<\/p>\n\n\n\n<h2 class=\"wp-block-heading\"><\/h2>\n","protected":false},"excerpt":{"rendered":"<p>El Plan Nacional de Alfabetizaci\u00f3n fue uno de los temas centrales de la agenda que compartieron los referentes de todas las provincias. La ministra de Educaci\u00f3n de Jujuy, Miriam Serrano, particip\u00f3 este mi\u00e9rcoles en Buenos Aires, de la 139 Asamblea del Consejo Federal de Educaci\u00f3n donde, entre otros. temas, se trat\u00f3 la implementaci\u00f3n del Plan [&hellip;]<\/p>\n","protected":false},"author":7,"featured_media":12395,"comment_status":"open","ping_status":"open","sticky":false,"template":"","format":"standard","meta":{"_themeisle_gutenberg_block_has_review":false,"footnotes":""},"categories":[248],"tags":[58],"class_list":["post-12394","post","type-post","status-publish","format-standard","has-post-thumbnail","hentry","category-educacion","tag-jujuy"],"_links":{"self":[{"href":"https:\/\/horapicodigital.com.ar\/index.php\/wp-json\/wp\/v2\/posts\/12394","targetHints":{"allow":["GET"]}}],"collection":[{"href":"https:\/\/horapicodigital.com.ar\/index.php\/wp-json\/wp\/v2\/posts"}],"about":[{"href":"https:\/\/horapicodigital.com.ar\/index.php\/wp-json\/wp\/v2\/types\/post"}],"author":[{"embeddable":true,"href":"https:\/\/horapicodigital.com.ar\/index.php\/wp-json\/wp\/v2\/users\/7"}],"replies":[{"embeddable":true,"href":"https:\/\/horapicodigital.com.ar\/index.php\/wp-json\/wp\/v2\/comments?post=12394"}],"version-history":[{"count":1,"href":"https:\/\/horapicodigital.com.ar\/index.php\/wp-json\/wp\/v2\/posts\/12394\/revisions"}],"predecessor-version":[{"id":12396,"href":"https:\/\/horapicodigital.com.ar\/index.php\/wp-json\/wp\/v2\/posts\/12394\/revisions\/12396"}],"wp:featuredmedia":[{"embeddable":true,"href":"https:\/\/horapicodigital.com.ar\/index.php\/wp-json\/wp\/v2\/media\/12395"}],"wp:attachment":[{"href":"https:\/\/horapicodigital.com.ar\/index.php\/wp-json\/wp\/v2\/media?parent=12394"}],"wp:term":[{"taxonomy":"category","embeddable":true,"href":"https:\/\/horapicodigital.com.ar\/index.php\/wp-json\/wp\/v2\/categories?post=12394"},{"taxonomy":"post_tag","embeddable":true,"href":"https:\/\/horapicodigital.com.ar\/index.php\/wp-json\/wp\/v2\/tags?post=12394"}],"curies":[{"name":"wp","href":"https:\/\/api.w.org\/{rel}","templated":true}]}}