{"id":12237,"date":"2025-02-04T20:28:34","date_gmt":"2025-02-04T23:28:34","guid":{"rendered":"https:\/\/horapicodigital.com.ar\/?p=12237"},"modified":"2025-02-04T20:28:39","modified_gmt":"2025-02-04T23:28:39","slug":"a-solo-un-mes-del-carnaval-de-los-tekis-2025-la-fiesta-mas-grande-del-norteargentino-esta-por-comenzar","status":"publish","type":"post","link":"https:\/\/horapicodigital.com.ar\/index.php\/2025\/02\/04\/a-solo-un-mes-del-carnaval-de-los-tekis-2025-la-fiesta-mas-grande-del-norteargentino-esta-por-comenzar\/","title":{"rendered":"A Solo un Mes del Carnaval de Los Tekis 2025: La Fiesta M\u00e1s Grande del NorteArgentino Est\u00e1 por Comenzar"},"content":{"rendered":"\n<p>El Carnaval de Los Tekis, uno de los eventos culturales y musicales m\u00e1s importantes del<br>pa\u00eds, est\u00e1 a menos de un mes de comenzar. Del 28 de febrero al 3 de marzo de 2025,<br>Jujuy se transformar\u00e1 en el epicentro de la m\u00fasica, la tradici\u00f3n y la alegr\u00eda, convocando a<br>miles de personas de todo el pa\u00eds y del extranjero.<br>Con un line up imponente que incluye a figuras de renombre nacional e internacional, este<br>carnaval promete ser una experiencia \u00fanica para todos los asistentes. Los Tekis, anfitriones<br>y emblema de esta celebraci\u00f3n, compartir\u00e1n escenario con artistas como Los Aut\u00e9nticos<br>Decadentes, Emanero, Valentino Merlo, Q\u2019 Lokura, Jorge Rojas, \u00c1ngela Leiva, La<br>Delio Valdez, La Beriso, Sergio Galleguillo, entre muchos otros que llenar\u00e1n de m\u00fasica y<br>emoci\u00f3n las cuatro jornadas.<br>Mucho M\u00e1s que un Carnaval<br>El Carnaval de Los Tekis no es solo una fiesta, sino un evento que marca un impacto<br>profundo en la econom\u00eda y el turismo de Jujuy. Cada edici\u00f3n genera miles de empleos<br>directos e indirectos, impulsando sectores clave como la hoteler\u00eda, la gastronom\u00eda y el<br>comercio local. Adem\u00e1s, atrae a miles de turistas que llegan para disfrutar no solo del<br>carnaval, sino tambi\u00e9n de los paisajes y la cultura \u00fanicos de la provincia.<br>\u201cEsta celebraci\u00f3n pone en valor nuestra identidad cultural y, al mismo tiempo, fortalece la<br>econom\u00eda de nuestra provincia. Es una oportunidad de mostrarle al mundo lo mejor de<br>Jujuy: su m\u00fasica, su tradici\u00f3n y su hospitalidad\u201d, expresaron desde la organizaci\u00f3n del<br>evento.<br>Entradas y Redes Oficiales<br>Las entradas para el Carnaval de Los Tekis 2025 ya est\u00e1n a la venta a trav\u00e9s de<br>www.paseshow.com.ar, la \u00fanica plataforma oficial. Adem\u00e1s, las redes sociales del<br>carnaval compartir\u00e1n todas las novedades y sorpresas de esta edici\u00f3n:<br>\u25cf Instagram: @carnavaldelostekis<br>\u25cf Facebook: Carnaval de Los Tekis<br>\u25cf Tiktok: @carnavaldelostekis<br>\u25cf x:@tekiscarnaval<br>Line Up Confirmado<br>28 de Febrero al 3 de Marzo<br>\u25cf Los Tekis<br>\u25cf Emanero<br>\u25cf Valentino Merlo<br>\u25cf Q\u2019 Lokura<br>\u25cf Los Aut\u00e9nticos Decadentes<br>\u25cf Jorge Rojas<br>\u25cf \u00c1ngela Leiva<br>\u25cf La Delio Valdez<br>\u25cf L\u00e1zaro Caballero<br>\u25cf La Beriso<br>\u25cf Sergio Galleguillo<br>\u25cf Migrantes<br>\u25cf Christian Herrera<br>\u25cf Los Manseros Santiague\u00f1os<br>\u25cf Milena Warthon<br>\u25cf Facundo Toro<br>\u25cf Diableros Juje\u00f1os<br>\u25cf Corico<br>\u25cf Mistura<br>\u25cf Tunay<br>\u25cf Los Melli<br>\u25cf Angelo Aranda<br>\u25cf DJ Treekoo<br>UNA EVENTO CULTURAL<br>El Carnaval de Los Tekis es un evento que trasciende lo musical: es un s\u00edmbolo de cultura,<br>unidad, tradici\u00f3n y transformaci\u00f3n. Este carnaval invita al p\u00fablico a sumergirse en la magia<br>de Jujuy, fortaleciendo la conexi\u00f3n entre las ra\u00edces culturales y la modernidad de un<br>espect\u00e1culo que es referente nacional.<br>Con apenas un mes para el inicio de esta gran celebraci\u00f3n, la cuenta regresiva ya comenz\u00f3.<br>No te quedes afuera de esta experiencia \u00fanica. \u00a1El Carnaval de Los Tekis 2025 te espera<\/p>\n","protected":false},"excerpt":{"rendered":"<p>El Carnaval de Los Tekis, uno de los eventos culturales y musicales m\u00e1s importantes delpa\u00eds, est\u00e1 a menos de un mes de comenzar. Del 28 de febrero al 3 de marzo de 2025,Jujuy se transformar\u00e1 en el epicentro de la m\u00fasica, la tradici\u00f3n y la alegr\u00eda, convocando amiles de personas de todo el pa\u00eds y [&hellip;]<\/p>\n","protected":false},"author":7,"featured_media":12238,"comment_status":"open","ping_status":"open","sticky":false,"template":"","format":"standard","meta":{"_themeisle_gutenberg_block_has_review":false,"footnotes":""},"categories":[2714],"tags":[1610,82,156],"class_list":["post-12237","post","type-post","status-publish","format-standard","has-post-thumbnail","hentry","category-shows-y-eventos","tag-1610","tag-carnaval","tag-los-tekis"],"_links":{"self":[{"href":"https:\/\/horapicodigital.com.ar\/index.php\/wp-json\/wp\/v2\/posts\/12237","targetHints":{"allow":["GET"]}}],"collection":[{"href":"https:\/\/horapicodigital.com.ar\/index.php\/wp-json\/wp\/v2\/posts"}],"about":[{"href":"https:\/\/horapicodigital.com.ar\/index.php\/wp-json\/wp\/v2\/types\/post"}],"author":[{"embeddable":true,"href":"https:\/\/horapicodigital.com.ar\/index.php\/wp-json\/wp\/v2\/users\/7"}],"replies":[{"embeddable":true,"href":"https:\/\/horapicodigital.com.ar\/index.php\/wp-json\/wp\/v2\/comments?post=12237"}],"version-history":[{"count":1,"href":"https:\/\/horapicodigital.com.ar\/index.php\/wp-json\/wp\/v2\/posts\/12237\/revisions"}],"predecessor-version":[{"id":12239,"href":"https:\/\/horapicodigital.com.ar\/index.php\/wp-json\/wp\/v2\/posts\/12237\/revisions\/12239"}],"wp:featuredmedia":[{"embeddable":true,"href":"https:\/\/horapicodigital.com.ar\/index.php\/wp-json\/wp\/v2\/media\/12238"}],"wp:attachment":[{"href":"https:\/\/horapicodigital.com.ar\/index.php\/wp-json\/wp\/v2\/media?parent=12237"}],"wp:term":[{"taxonomy":"category","embeddable":true,"href":"https:\/\/horapicodigital.com.ar\/index.php\/wp-json\/wp\/v2\/categories?post=12237"},{"taxonomy":"post_tag","embeddable":true,"href":"https:\/\/horapicodigital.com.ar\/index.php\/wp-json\/wp\/v2\/tags?post=12237"}],"curies":[{"name":"wp","href":"https:\/\/api.w.org\/{rel}","templated":true}]}}