{"id":12200,"date":"2025-01-30T18:47:45","date_gmt":"2025-01-30T21:47:45","guid":{"rendered":"https:\/\/horapicodigital.com.ar\/?p=12200"},"modified":"2025-01-30T18:48:25","modified_gmt":"2025-01-30T21:48:25","slug":"girsuoperativos-de-gestion-de-residuos-durante-carnaval","status":"publish","type":"post","link":"https:\/\/horapicodigital.com.ar\/index.php\/2025\/01\/30\/girsuoperativos-de-gestion-de-residuos-durante-carnaval\/","title":{"rendered":"GIRSUOperativos de Gesti\u00f3n de Residuos durante Carnaval"},"content":{"rendered":"\n<p class=\"ignore-parser\">Los Municipios y Comisiones Municipales de la Quebrada garantizar\u00e1n la gesti\u00f3n de residuos con asistencia de la provincia.<\/p>\n\n\n\n<p>Autoridades del ministerio de Ambiente y Cambio Clim\u00e1tico y de GIRSU Jujuy S.E., participaron de una reuni\u00f3n en la ciudad de Tilcara, convocada por la Intendenta Sonia P\u00e9rez. Tambi\u00e9n estuvieron presentes referentes de la Comparsas locales y representantes de otros organismos del Gobierno de Jujuy. En la oportunidad conversaron sobre la planificaci\u00f3n de la celebraci\u00f3n del Carnaval, y los operativos de gesti\u00f3n de residuos que ser\u00e1 necesario fortalecer durante la temporada.<\/p>\n\n\n\n<p>Por parte del Ministerio de Ambiente y Cambio Clim\u00e1tico estuvo la Coordinadora de la Unidad de Implementaci\u00f3n del Proyecto GIRSU, Susana Amador, junto al presidente de la empresa GIRSU Jujuy S.E., Leandro \u00c1lvarez. Ambos brindaron precisiones respecto a la asistencia, tanto t\u00e9cnica como log\u00edstica, que le prestar\u00e1n a los municipios de la Quebrada durante las fiestas carnestolendas.<\/p>\n\n\n\n<p>Al respecto, Susana Amador dijo que \u00abdesde el ministerio, por mandato de la ministra Mar\u00eda In\u00e9s Zigar\u00e1n, se garantizar\u00e1 como se viene haciendo hasta ahora, el asesoramiento t\u00e9cnico de los equipos de los gobiernos locales para eficientizar la gesti\u00f3n de los residuos que luego trasladar\u00e1 GIRSU S.E. hacia las Plantas construidas en el marco del Proyecto GIRSU\u00bb. Record\u00f3 que Volc\u00e1n est\u00e1 operativo el Punto de Acopio que recibe e inmediatamente transfiere los residuos de la Quebrada baja al Centro Ambiental Jujuy (CAJ) para su clasificaci\u00f3n y valorizaci\u00f3n o disposici\u00f3n final controlada.<\/p>\n\n\n\n<p>Autoridades del ministerio de Ambiente y Cambio Clim\u00e1tico y de GIRSU Jujuy S.E., participaron de una reuni\u00f3n en la ciudad de Tilcara, convocada por la Intendenta Sonia P\u00e9rez. Tambi\u00e9n estuvieron presentes referentes de la Comparsas locales y representantes de otros organismos del Gobierno de Jujuy. En la oportunidad conversaron sobre la planificaci\u00f3n de la celebraci\u00f3n del Carnaval, y los operativos de gesti\u00f3n de residuos que ser\u00e1 necesario fortalecer durante la temporada.<\/p>\n\n\n\n<p>Por parte del Ministerio de Ambiente y Cambio Clim\u00e1tico estuvo la Coordinadora de la Unidad de Implementaci\u00f3n del Proyecto GIRSU, Susana Amador, junto al presidente de la empresa GIRSU Jujuy S.E., Leandro \u00c1lvarez. Ambos brindaron precisiones respecto a la asistencia, tanto t\u00e9cnica como log\u00edstica, que le prestar\u00e1n a los municipios de la Quebrada durante las fiestas carnestolendas.<\/p>\n\n\n\n<p>Al respecto, Susana Amador dijo que \u00abdesde el ministerio, por mandato de la ministra Mar\u00eda In\u00e9s Zigar\u00e1n, se garantizar\u00e1 como se viene haciendo hasta ahora, el asesoramiento t\u00e9cnico de los equipos de los gobiernos locales para eficientizar la gesti\u00f3n de los residuos que luego trasladar\u00e1 GIRSU S.E. hacia las Plantas construidas en el marco del Proyecto GIRSU\u00bb. Record\u00f3 que Volc\u00e1n est\u00e1 operativo el Punto de Acopio que recibe e inmediatamente transfiere los residuos de la Quebrada baja al Centro Ambiental Jujuy (CAJ) para su clasificaci\u00f3n y valorizaci\u00f3n o disposici\u00f3n final controlada.<\/p>\n","protected":false},"excerpt":{"rendered":"<p>Los Municipios y Comisiones Municipales de la Quebrada garantizar\u00e1n la gesti\u00f3n de residuos con asistencia de la provincia. Autoridades del ministerio de Ambiente y Cambio Clim\u00e1tico y de GIRSU Jujuy S.E., participaron de una reuni\u00f3n en la ciudad de Tilcara, convocada por la Intendenta Sonia P\u00e9rez. Tambi\u00e9n estuvieron presentes referentes de la Comparsas locales y [&hellip;]<\/p>\n","protected":false},"author":7,"featured_media":12199,"comment_status":"open","ping_status":"open","sticky":false,"template":"","format":"standard","meta":{"_themeisle_gutenberg_block_has_review":false,"footnotes":""},"categories":[81],"tags":[82],"class_list":["post-12200","post","type-post","status-publish","format-standard","has-post-thumbnail","hentry","category-general","tag-carnaval"],"_links":{"self":[{"href":"https:\/\/horapicodigital.com.ar\/index.php\/wp-json\/wp\/v2\/posts\/12200","targetHints":{"allow":["GET"]}}],"collection":[{"href":"https:\/\/horapicodigital.com.ar\/index.php\/wp-json\/wp\/v2\/posts"}],"about":[{"href":"https:\/\/horapicodigital.com.ar\/index.php\/wp-json\/wp\/v2\/types\/post"}],"author":[{"embeddable":true,"href":"https:\/\/horapicodigital.com.ar\/index.php\/wp-json\/wp\/v2\/users\/7"}],"replies":[{"embeddable":true,"href":"https:\/\/horapicodigital.com.ar\/index.php\/wp-json\/wp\/v2\/comments?post=12200"}],"version-history":[{"count":1,"href":"https:\/\/horapicodigital.com.ar\/index.php\/wp-json\/wp\/v2\/posts\/12200\/revisions"}],"predecessor-version":[{"id":12201,"href":"https:\/\/horapicodigital.com.ar\/index.php\/wp-json\/wp\/v2\/posts\/12200\/revisions\/12201"}],"wp:featuredmedia":[{"embeddable":true,"href":"https:\/\/horapicodigital.com.ar\/index.php\/wp-json\/wp\/v2\/media\/12199"}],"wp:attachment":[{"href":"https:\/\/horapicodigital.com.ar\/index.php\/wp-json\/wp\/v2\/media?parent=12200"}],"wp:term":[{"taxonomy":"category","embeddable":true,"href":"https:\/\/horapicodigital.com.ar\/index.php\/wp-json\/wp\/v2\/categories?post=12200"},{"taxonomy":"post_tag","embeddable":true,"href":"https:\/\/horapicodigital.com.ar\/index.php\/wp-json\/wp\/v2\/tags?post=12200"}],"curies":[{"name":"wp","href":"https:\/\/api.w.org\/{rel}","templated":true}]}}