{"id":12126,"date":"2025-01-23T09:53:03","date_gmt":"2025-01-23T12:53:03","guid":{"rendered":"https:\/\/horapicodigital.com.ar\/?p=12126"},"modified":"2025-01-23T09:53:09","modified_gmt":"2025-01-23T12:53:09","slug":"a-un-poco-mas-de-un-mes-del-inicio-de-clases-fechas-claves-del-ciclo-lectivo-2025","status":"publish","type":"post","link":"https:\/\/horapicodigital.com.ar\/index.php\/2025\/01\/23\/a-un-poco-mas-de-un-mes-del-inicio-de-clases-fechas-claves-del-ciclo-lectivo-2025\/","title":{"rendered":"A un poco m\u00e1s de un mes del inicio de clases: fechas claves del ciclo lectivo 2025"},"content":{"rendered":"\n<p>El 24 de febrero comienzan las clases en Jujuy, pero es importante saber todas las fechas claves a lo largo del a\u00f1o respecto a educaci\u00f3n.<\/p>\n\n\n\n<p>A d\u00edas y un mes del inicio de clases en la provincia de Jujuy,\u00a0repasamos informaci\u00f3n importante referido a las\u00a0<strong>fechas claves del ciclo lectivo 2025.<\/strong><\/p>\n\n\n\n<h2 class=\"wp-block-heading\">Fechas de inicio, receso y finalizaci\u00f3n del ciclo lectivo<\/h2>\n\n\n\n<ul class=\"wp-block-list\">\n<li>Fecha de inicio: el\u00a0<strong>lunes 24 de febrero<\/strong>\u00a0para el nivel inicial, primario y secundario<\/li>\n<\/ul>\n\n\n\n<p>El Ciclo Lectivo, en este sentido, cumple con la condici\u00f3n de los 190 d\u00edas de clase acordados entre los ministros de las 24 jurisdicciones en la \u00faltima asamblea del Consejo Federal de Educaci\u00f3n.<\/p>\n\n\n\n<ul class=\"wp-block-list\">\n<li>Receso escolar: el receso escolar de invierno se extender\u00e1 entre el\u00a0<strong>14 y 25 de julio.<\/strong><\/li>\n<\/ul>\n\n\n\n<h3 class=\"wp-block-heading\">Finalizaci\u00f3n de clases en los distintos niveles<\/h3>\n\n\n\n<ul class=\"wp-block-list\">\n<li>Nivel Inicial:<strong>\u00a0viernes 13 de diciembre<\/strong><\/li>\n\n\n\n<li>Nivel Primario:\u00a0<strong>viernes 13 de diciembre<\/strong><\/li>\n\n\n\n<li>Nivel Secundario:<strong>\u00a0viernes 13 de diciembre<\/strong><\/li>\n\n\n\n<li>Nivel Superior:\u00a0<strong>mi\u00e9rcoles 4 de diciembre<\/strong><\/li>\n\n\n\n<li>Personal docente (finalizaci\u00f3n del periodo escolar) &#8211;<strong>\u00a031 de diciembre.<\/strong><\/li>\n<\/ul>\n\n\n\n<h2 class=\"wp-block-heading\"><strong>Ciclo lectivo 2025 en Jujuy: fechas de ex\u00e1menes<\/strong><\/h2>\n\n\n\n<ul class=\"wp-block-list\">\n<li><strong>18 al 21 de febrero:\u00a0<\/strong>Evaluaci\u00f3n de materias pendientes.<\/li>\n\n\n\n<li><strong>7 al 9 de abril:\u00a0<\/strong>Ex\u00e1menes extraordinarios para egresados.<\/li>\n\n\n\n<li><strong>12 y 13 de agosto:<\/strong>\u00a0Evaluaci\u00f3n de materias pendientes (con suspensi\u00f3n de clases).<\/li>\n\n\n\n<li><strong>13 y 14 de octubre:<\/strong>\u00a0Evaluaci\u00f3n de materias pendientes (con suspensi\u00f3n de clases).<\/li>\n\n\n\n<li><strong>15 al 19 de diciembre:\u00a0<\/strong>Acompa\u00f1amiento y fortalecimiento de saberes.<\/li>\n<\/ul>\n\n\n\n<h2 class=\"wp-block-heading\"><strong>Jornadas institucionales<\/strong><\/h2>\n\n\n\n<ul class=\"wp-block-list\">\n<li><strong>17 de febrero:<\/strong>\u00a0Primera jornada para directivos y docentes.<\/li>\n\n\n\n<li><strong>30 de abril:\u00a0<\/strong>Segunda jornada para directivos y docentes.<\/li>\n\n\n\n<li><strong>25 de junio:<\/strong>\u00a0Tercera jornada para directivos y docentes.<\/li>\n\n\n\n<li><strong>27 de agosto:\u00a0<\/strong>Cuarta jornada para directivos y docentes.<\/li>\n\n\n\n<li><strong>5 de noviembre:\u00a0<\/strong>Quinta jornada para directivos y docentes.<\/li>\n<\/ul>\n\n\n\n<h2 class=\"wp-block-heading\">Cu\u00e1ndo es la Fiesta Nacional de los Estudiantes 2025<\/h2>\n\n\n\n<p>Seg\u00fan lo establecido en el anuario escolar 2025\/26 del Ministerio de Educaci\u00f3n de Jujuy,\u00a0<a href=\"https:\/\/www.todojujuy.com\/fiesta-nacional-los-estudiantes-a27\" target=\"_blank\" rel=\"noreferrer noopener\"><\/a><strong>la tan esperada Fiesta Nacional de los Estudiantes est\u00e1 programada del 17 al 27 de septiembre de este a\u00f1o.<\/strong><\/p>\n\n\n\n<p><strong>Las actividades \u00e1ulicas relacionadas con la Fiesta estar\u00e1n alineadas con el cronograma que determine el Ministerio de Educaci\u00f3n.<\/strong><\/p>\n","protected":false},"excerpt":{"rendered":"<p>El 24 de febrero comienzan las clases en Jujuy, pero es importante saber todas las fechas claves a lo largo del a\u00f1o respecto a educaci\u00f3n. A d\u00edas y un mes del inicio de clases en la provincia de Jujuy,\u00a0repasamos informaci\u00f3n importante referido a las\u00a0fechas claves del ciclo lectivo 2025. Fechas de inicio, receso y finalizaci\u00f3n [&hellip;]<\/p>\n","protected":false},"author":7,"featured_media":12127,"comment_status":"open","ping_status":"open","sticky":false,"template":"","format":"standard","meta":{"_themeisle_gutenberg_block_has_review":false,"footnotes":""},"categories":[248],"tags":[],"class_list":["post-12126","post","type-post","status-publish","format-standard","has-post-thumbnail","hentry","category-educacion"],"_links":{"self":[{"href":"https:\/\/horapicodigital.com.ar\/index.php\/wp-json\/wp\/v2\/posts\/12126","targetHints":{"allow":["GET"]}}],"collection":[{"href":"https:\/\/horapicodigital.com.ar\/index.php\/wp-json\/wp\/v2\/posts"}],"about":[{"href":"https:\/\/horapicodigital.com.ar\/index.php\/wp-json\/wp\/v2\/types\/post"}],"author":[{"embeddable":true,"href":"https:\/\/horapicodigital.com.ar\/index.php\/wp-json\/wp\/v2\/users\/7"}],"replies":[{"embeddable":true,"href":"https:\/\/horapicodigital.com.ar\/index.php\/wp-json\/wp\/v2\/comments?post=12126"}],"version-history":[{"count":1,"href":"https:\/\/horapicodigital.com.ar\/index.php\/wp-json\/wp\/v2\/posts\/12126\/revisions"}],"predecessor-version":[{"id":12128,"href":"https:\/\/horapicodigital.com.ar\/index.php\/wp-json\/wp\/v2\/posts\/12126\/revisions\/12128"}],"wp:featuredmedia":[{"embeddable":true,"href":"https:\/\/horapicodigital.com.ar\/index.php\/wp-json\/wp\/v2\/media\/12127"}],"wp:attachment":[{"href":"https:\/\/horapicodigital.com.ar\/index.php\/wp-json\/wp\/v2\/media?parent=12126"}],"wp:term":[{"taxonomy":"category","embeddable":true,"href":"https:\/\/horapicodigital.com.ar\/index.php\/wp-json\/wp\/v2\/categories?post=12126"},{"taxonomy":"post_tag","embeddable":true,"href":"https:\/\/horapicodigital.com.ar\/index.php\/wp-json\/wp\/v2\/tags?post=12126"}],"curies":[{"name":"wp","href":"https:\/\/api.w.org\/{rel}","templated":true}]}}