{"id":12026,"date":"2025-01-19T10:05:15","date_gmt":"2025-01-19T13:05:15","guid":{"rendered":"https:\/\/horapicodigital.com.ar\/?p=12026"},"modified":"2025-01-19T10:05:21","modified_gmt":"2025-01-19T13:05:21","slug":"los-ninos-argentinos-secuestrados-por-hamas-podrian-ser-liberados-tras-el-acuerdo-de-alto-el-fuego-con-israel","status":"publish","type":"post","link":"https:\/\/horapicodigital.com.ar\/index.php\/2025\/01\/19\/los-ninos-argentinos-secuestrados-por-hamas-podrian-ser-liberados-tras-el-acuerdo-de-alto-el-fuego-con-israel\/","title":{"rendered":"Los ni\u00f1os argentinos secuestrados por Ham\u00e1s podr\u00edan ser liberados tras el acuerdo de alto el fuego con Israel"},"content":{"rendered":"\n<p>Los peque\u00f1os Ariel y Kfir Silberman Bibas, junto a sus padres, figuran entre los 33 rehenes que podr\u00edan ser liberados seg\u00fan los t\u00e9rminos del pacto entre Israel y Hamas.<\/p>\n\n\n\n<p><strong>Ariel&nbsp;<\/strong>y&nbsp;<strong>Kfir Silberman Bibas<\/strong>, de cinco a\u00f1os y casi dos a\u00f1os respectivamente, fueron capturados junto con sus padres el 7 de octubre de 2023 en&nbsp;<strong>Kibutz<\/strong>. Tras el acuerdo de&nbsp;<strong>alto el fuego entre Israel y Hamas<\/strong>, se espera su liberaci\u00f3n como parte de un&nbsp;<strong><a href=\"https:\/\/www.canal26.com\/internacionales\/cinco-argentinos-rehenes-de-hamas-podrian-recuperar-su-libertad-tras-el-acuerdo-de-tregua-con-israel-quienes-son--407906\" target=\"_blank\" rel=\"noreferrer noopener\">intercambio de rehenes<\/a>.<\/strong><\/p>\n\n\n\n<p>El gabinete israel\u00ed ratific\u00f3 recientemente un acuerdo que incluye la&nbsp;<strong>liberaci\u00f3n de 33 rehenes capturados por Hamas<\/strong>, entre ellos la familia<strong>&nbsp;Silberman Bibas<\/strong>.&nbsp;<strong>Shiri&nbsp;<\/strong>y&nbsp;<strong>Yarden<\/strong>, padres de Ariel y Kfir, figuran junto a sus hijos en la primera lista de personas que podr\u00edan ser liberadas.<\/p>\n\n\n\n<p>Por su parte,<strong>&nbsp;Axel Wahnish<\/strong>,&nbsp;<a href=\"https:\/\/www.canal26.com\/internacionales\/el-gobierno-expectante-tras-el-acuerdo-entre-israel-y-hamas-por-los-rehenes-argentinos-estamos-a-la-espera--408188\" target=\"_blank\" rel=\"noreferrer noopener\">embajador argentino en&nbsp;<strong>Israel<\/strong><\/a>, asegur\u00f3 que est\u00e1 en&nbsp;<strong>\u00abconstante comunicaci\u00f3n\u00bb&nbsp;<\/strong>con los familiares de los secuestrados argentinos a la \u00abespera de que el anuncio de liberaci\u00f3n finalmente se concrete y que absolutamente todos los rehenes vuelvan sanos y salvos a sus casas\u00bb.<\/p>\n\n\n\n<p><strong>Eli Bibas<\/strong>, abuelo de los ni\u00f1os y padre de Yarden, expres\u00f3 su angustia en una declaraci\u00f3n a medios israel\u00edes, reproducida por la<strong>&nbsp;Agencia Jud\u00eda de Noticias (AJN)<\/strong>. Durante un acto en la&nbsp;<strong>Plaza de los Rehenes de Tel Aviv<\/strong>, coment\u00f3:<\/p>\n\n\n\n<p>\u201cHemos pasado un a\u00f1o y tres meses en los que aprend\u00ed a vivir en la incertidumbre, el miedo, la falta de control, la impotencia.&nbsp;<strong>Estoy tratando de no ahogarme en un mar de rumores, noticias, medias verdades y mentiras<\/strong>&nbsp;en torno a las negociaciones, y aferrarme a cualquier noticia positiva\u201d.<\/p>\n\n\n\n<p>Con pesar, agreg\u00f3: \u201cA pesar de todo eso,&nbsp;<strong>el pr\u00f3ximo s\u00e1bado nuestro Kfir celebrar\u00e1 su segundo cumplea\u00f1os en cautiverio<\/strong>\u201d.&nbsp;En relaci\u00f3n con el impacto de esta situaci\u00f3n, Bibas afirm\u00f3: \u201cEstamos en una encrucijada hist\u00f3rica, obligados a reconstruir los cimientos sobre los que se estableci\u00f3 este pa\u00eds\u201d.<\/p>\n\n\n\n<p>La familia Silberman Bibas emiti\u00f3 un comunicado en el que manifestaron su cautela ante el proceso. \u201cEstamos al tanto de la noticia que indica que<strong>&nbsp;los miembros de nuestra familia est\u00e1n incluidos en la primera etapa del acuerdo<\/strong>, y que Shiri y los ni\u00f1os estar\u00e1n entre los primeros rehenes que ser\u00e1n liberados\u201d, se\u00f1alaron.<\/p>\n\n\n\n<p>Sin embargo, subrayaron:&nbsp;<strong>\u201cHasta que nuestros seres queridos no hayan cruzado (hacia Israel), esta historia no tendr\u00e1 un final\u201d<\/strong>.&nbsp;Seg\u00fan informaci\u00f3n de AFP,&nbsp;<strong>Yarden Bibas habr\u00eda sido separado del resto de su familia<\/strong>, y Hamas a\u00fan no confirm\u00f3 su estado actual.&nbsp;<\/p>\n\n\n\n<h2 class=\"wp-block-heading\">El gabinete de Seguridad de Israel aprob\u00f3 el alto el fuego en la Franja de Gaza<\/h2>\n\n\n\n<p>El gabinete de Seguridad israel\u00ed, compuesto por los principales ministros y altos cargos de Defensa, vot\u00f3 este viernes a favor del<strong>&nbsp;alto el fuego en la Franja de Gaza<\/strong>&nbsp;y recomend\u00f3 al Gobierno ratificarlo en una reuni\u00f3n que se celebrar\u00e1 por la tarde.<\/p>\n","protected":false},"excerpt":{"rendered":"<p>Los peque\u00f1os Ariel y Kfir Silberman Bibas, junto a sus padres, figuran entre los 33 rehenes que podr\u00edan ser liberados seg\u00fan los t\u00e9rminos del pacto entre Israel y Hamas. Ariel&nbsp;y&nbsp;Kfir Silberman Bibas, de cinco a\u00f1os y casi dos a\u00f1os respectivamente, fueron capturados junto con sus padres el 7 de octubre de 2023 en&nbsp;Kibutz. Tras el [&hellip;]<\/p>\n","protected":false},"author":7,"featured_media":12027,"comment_status":"open","ping_status":"open","sticky":false,"template":"","format":"standard","meta":{"_themeisle_gutenberg_block_has_review":false,"footnotes":""},"categories":[7,4],"tags":[1048,693,2765],"class_list":["post-12026","post","type-post","status-publish","format-standard","has-post-thumbnail","hentry","category-mundo","category-noticias","tag-hamas","tag-israel","tag-libetad"],"_links":{"self":[{"href":"https:\/\/horapicodigital.com.ar\/index.php\/wp-json\/wp\/v2\/posts\/12026","targetHints":{"allow":["GET"]}}],"collection":[{"href":"https:\/\/horapicodigital.com.ar\/index.php\/wp-json\/wp\/v2\/posts"}],"about":[{"href":"https:\/\/horapicodigital.com.ar\/index.php\/wp-json\/wp\/v2\/types\/post"}],"author":[{"embeddable":true,"href":"https:\/\/horapicodigital.com.ar\/index.php\/wp-json\/wp\/v2\/users\/7"}],"replies":[{"embeddable":true,"href":"https:\/\/horapicodigital.com.ar\/index.php\/wp-json\/wp\/v2\/comments?post=12026"}],"version-history":[{"count":1,"href":"https:\/\/horapicodigital.com.ar\/index.php\/wp-json\/wp\/v2\/posts\/12026\/revisions"}],"predecessor-version":[{"id":12028,"href":"https:\/\/horapicodigital.com.ar\/index.php\/wp-json\/wp\/v2\/posts\/12026\/revisions\/12028"}],"wp:featuredmedia":[{"embeddable":true,"href":"https:\/\/horapicodigital.com.ar\/index.php\/wp-json\/wp\/v2\/media\/12027"}],"wp:attachment":[{"href":"https:\/\/horapicodigital.com.ar\/index.php\/wp-json\/wp\/v2\/media?parent=12026"}],"wp:term":[{"taxonomy":"category","embeddable":true,"href":"https:\/\/horapicodigital.com.ar\/index.php\/wp-json\/wp\/v2\/categories?post=12026"},{"taxonomy":"post_tag","embeddable":true,"href":"https:\/\/horapicodigital.com.ar\/index.php\/wp-json\/wp\/v2\/tags?post=12026"}],"curies":[{"name":"wp","href":"https:\/\/api.w.org\/{rel}","templated":true}]}}