{"id":11962,"date":"2025-01-15T06:49:33","date_gmt":"2025-01-15T09:49:33","guid":{"rendered":"https:\/\/horapicodigital.com.ar\/?p=11962"},"modified":"2025-01-15T06:49:39","modified_gmt":"2025-01-15T09:49:39","slug":"educacion-planificacion-estrategica-2025","status":"publish","type":"post","link":"https:\/\/horapicodigital.com.ar\/index.php\/2025\/01\/15\/educacion-planificacion-estrategica-2025\/","title":{"rendered":"Educaci\u00f3n: Planificaci\u00f3n Estrat\u00e9gica 2025"},"content":{"rendered":"\n<p>El Ministerio de Educaci\u00f3n present\u00f3 este martes la Planificaci\u00f3n Estrat\u00e9gica 2025, con \u00e9nfasis en las pol\u00edticas prioritarias y los lineamientos para su desarrollo.<br><br>Durante el encuentro estuvieron presentes secretarios, directores de Nivel, responsables de modalidades y referentes pedag\u00f3gicos de las distintas \u00e1reas, encabezando dicha\u00a0reuni\u00f3n la ministra Miriam Serrano, qui\u00e9n expres\u00f3 \u00a0\u201cTenemos un a\u00f1o desafiante en educaci\u00f3n\u201d , en el marco de planificaci\u00f3n de pol\u00edticas prioritarias para este ciclo lectivo 2025.<\/p>\n\n\n\n<p>Adem\u00e1s, destac\u00f3 que el prop\u00f3sito de este espacio es \u201cmostrar c\u00f3mo, desde la Secretar\u00eda de Planeamiento Estrat\u00e9gico se focalizaron las l\u00edneas de trabajo para orientar la pol\u00edtica educativa y la organizaci\u00f3n de nuestra tarea diaria\u201d.<\/p>\n\n\n\n<p>y subray\u00f3 la importancia\u00a0de garantizar la sostenibilidad y la sustentabilidad de esa pol\u00edtica.<\/p>\n\n\n\n<p>La Planificaci\u00f3n Estrat\u00e9gica (PE) 2025 pone el foco en las siguientes pol\u00edticas:<\/p>\n\n\n\n<p>Alfabetizaci\u00f3n.<\/p>\n\n\n\n<p>Protecci\u00f3n y cuidado de las infancias y adolescencias.<\/p>\n\n\n\n<p>Fortalecimiento y sostenimiento de las trayectorias educativas con foco en la secundaria.<\/p>\n\n\n\n<p>Educaci\u00f3n y trabajo.<\/p>\n\n\n\n<p>Sistemas Integral de Evaluaci\u00f3n.<\/p>\n\n\n\n<p>Para todos los ejes, se establecieron l\u00edneas de acci\u00f3n que abarcan desde la formaci\u00f3n docente, el fortalecimiento del programa CREER e infraestructura escolar, promoci\u00f3n de participaci\u00f3n estudiantil, implementaci\u00f3n del SAT, revisi\u00f3n y actualizaci\u00f3n de dise\u00f1os curriculares, fortalecimiento de las pr\u00e1cticas profesionalizantes, acompa\u00f1amiento integral, entre otras.<\/p>\n\n\n\n<p>Por su parte Natalia Garc\u00eda Goyena, secretaria de Planeamiento Estrat\u00e9gico, indic\u00f3 que en base al trabajo realizado el a\u00f1o pasado, \u201ca pedido de la ministra, nos replanteamos la metodolog\u00eda y elaboramos una planificaci\u00f3n que contempla acciones abarcativas e interministeriales potenciadas, que contin\u00faen generando impacto en la sociedad\u201d.<\/p>\n\n\n\n<p>Asimismo, refiri\u00f3 que se incluyeron etapas de evaluaci\u00f3n y monitoreo de dicha planificaci\u00f3n a fin de consolidar un sistema integral de evaluaci\u00f3n que abarque los aprendizajes, la gesti\u00f3n educativa y las acciones institucionales.<\/p>\n\n\n\n<p><\/p>\n\n\n\n<p><\/p>\n\n\n\n<p><\/p>\n","protected":false},"excerpt":{"rendered":"<p>El Ministerio de Educaci\u00f3n present\u00f3 este martes la Planificaci\u00f3n Estrat\u00e9gica 2025, con \u00e9nfasis en las pol\u00edticas prioritarias y los lineamientos para su desarrollo. Durante el encuentro estuvieron presentes secretarios, directores de Nivel, responsables de modalidades y referentes pedag\u00f3gicos de las distintas \u00e1reas, encabezando dicha\u00a0reuni\u00f3n la ministra Miriam Serrano, qui\u00e9n expres\u00f3 \u00a0\u201cTenemos un a\u00f1o desafiante en [&hellip;]<\/p>\n","protected":false},"author":7,"featured_media":11963,"comment_status":"open","ping_status":"open","sticky":false,"template":"","format":"standard","meta":{"_themeisle_gutenberg_block_has_review":false,"footnotes":""},"categories":[248],"tags":[],"class_list":["post-11962","post","type-post","status-publish","format-standard","has-post-thumbnail","hentry","category-educacion"],"_links":{"self":[{"href":"https:\/\/horapicodigital.com.ar\/index.php\/wp-json\/wp\/v2\/posts\/11962","targetHints":{"allow":["GET"]}}],"collection":[{"href":"https:\/\/horapicodigital.com.ar\/index.php\/wp-json\/wp\/v2\/posts"}],"about":[{"href":"https:\/\/horapicodigital.com.ar\/index.php\/wp-json\/wp\/v2\/types\/post"}],"author":[{"embeddable":true,"href":"https:\/\/horapicodigital.com.ar\/index.php\/wp-json\/wp\/v2\/users\/7"}],"replies":[{"embeddable":true,"href":"https:\/\/horapicodigital.com.ar\/index.php\/wp-json\/wp\/v2\/comments?post=11962"}],"version-history":[{"count":1,"href":"https:\/\/horapicodigital.com.ar\/index.php\/wp-json\/wp\/v2\/posts\/11962\/revisions"}],"predecessor-version":[{"id":11964,"href":"https:\/\/horapicodigital.com.ar\/index.php\/wp-json\/wp\/v2\/posts\/11962\/revisions\/11964"}],"wp:featuredmedia":[{"embeddable":true,"href":"https:\/\/horapicodigital.com.ar\/index.php\/wp-json\/wp\/v2\/media\/11963"}],"wp:attachment":[{"href":"https:\/\/horapicodigital.com.ar\/index.php\/wp-json\/wp\/v2\/media?parent=11962"}],"wp:term":[{"taxonomy":"category","embeddable":true,"href":"https:\/\/horapicodigital.com.ar\/index.php\/wp-json\/wp\/v2\/categories?post=11962"},{"taxonomy":"post_tag","embeddable":true,"href":"https:\/\/horapicodigital.com.ar\/index.php\/wp-json\/wp\/v2\/tags?post=11962"}],"curies":[{"name":"wp","href":"https:\/\/api.w.org\/{rel}","templated":true}]}}