{"id":11890,"date":"2025-01-13T09:42:53","date_gmt":"2025-01-13T12:42:53","guid":{"rendered":"https:\/\/horapicodigital.com.ar\/?p=11890"},"modified":"2025-01-13T09:42:58","modified_gmt":"2025-01-13T12:42:58","slug":"incendio-en-una-panaderia-de-san-pedrito-no-se-lamentan-victimas-fatales","status":"publish","type":"post","link":"https:\/\/horapicodigital.com.ar\/index.php\/2025\/01\/13\/incendio-en-una-panaderia-de-san-pedrito-no-se-lamentan-victimas-fatales\/","title":{"rendered":"Incendio en una panader\u00eda de San Pedrito: no se lamentan v\u00edctimas fatales"},"content":{"rendered":"\n<p>Un incendio se desat\u00f3 esta madrugada en una panader\u00eda del barrio San Pedrito. El fuego, originado por un horno, fue controlado r\u00e1pidamente. Un trabajador fue atendido por el SAME.<\/p>\n\n\n\n<p>En la madrugada de este lunes, alrededor de las 4:30, se desat\u00f3 un&nbsp;<strong>incendio en una panader\u00eda ubicada en la intersecci\u00f3n de la avenida Eva Per\u00f3n y Azopardo<\/strong>, en el barrio San Pedrito de San Salvador de Jujuy. Seg\u00fan las primeras informaciones, el fuego comenz\u00f3 cuando&nbsp;<strong>uno de los hornos del local comenz\u00f3 a emitir humo, lo que r\u00e1pidamente provoc\u00f3 la expansi\u00f3n de las llamas por el establecimiento.<\/strong><\/p>\n\n\n\n<p>Afortunadamente, personal de bomberos, policial y el SAME acudieron de inmediato al lugar para controlar la situaci\u00f3n y asistir a las personas involucradas. Como resultado del siniestro, uno de los trabajadores fue trasladado al hospital para una revisi\u00f3n m\u00e9dica, aunque se encuentra fuera de peligro.<\/p>\n\n\n\n<p>Durante los operativos, la avenida Eva Per\u00f3n fue cortada moment\u00e1neamente por personal policial para garantizar la seguridad de los equipos de rescate y el tr\u00e1fico vehicular.<\/p>\n\n\n\n<p>El fuego fue r\u00e1pidamente controlado y&nbsp;<strong>no se reportaron v\u00edctimas fatales, aunque se registraron da\u00f1os materiales en la panader\u00eda<\/strong>. Las autoridades iniciar\u00e1n una investigaci\u00f3n para determinar las causas exactas del incendio.<\/p>\n","protected":false},"excerpt":{"rendered":"<p>Un incendio se desat\u00f3 esta madrugada en una panader\u00eda del barrio San Pedrito. El fuego, originado por un horno, fue controlado r\u00e1pidamente. Un trabajador fue atendido por el SAME. En la madrugada de este lunes, alrededor de las 4:30, se desat\u00f3 un&nbsp;incendio en una panader\u00eda ubicada en la intersecci\u00f3n de la avenida Eva Per\u00f3n y [&hellip;]<\/p>\n","protected":false},"author":7,"featured_media":11891,"comment_status":"open","ping_status":"open","sticky":false,"template":"","format":"standard","meta":{"_themeisle_gutenberg_block_has_review":false,"footnotes":""},"categories":[32,4],"tags":[58,2736],"class_list":["post-11890","post","type-post","status-publish","format-standard","has-post-thumbnail","hentry","category-locales","category-noticias","tag-jujuy","tag-san-pedrito"],"_links":{"self":[{"href":"https:\/\/horapicodigital.com.ar\/index.php\/wp-json\/wp\/v2\/posts\/11890","targetHints":{"allow":["GET"]}}],"collection":[{"href":"https:\/\/horapicodigital.com.ar\/index.php\/wp-json\/wp\/v2\/posts"}],"about":[{"href":"https:\/\/horapicodigital.com.ar\/index.php\/wp-json\/wp\/v2\/types\/post"}],"author":[{"embeddable":true,"href":"https:\/\/horapicodigital.com.ar\/index.php\/wp-json\/wp\/v2\/users\/7"}],"replies":[{"embeddable":true,"href":"https:\/\/horapicodigital.com.ar\/index.php\/wp-json\/wp\/v2\/comments?post=11890"}],"version-history":[{"count":1,"href":"https:\/\/horapicodigital.com.ar\/index.php\/wp-json\/wp\/v2\/posts\/11890\/revisions"}],"predecessor-version":[{"id":11892,"href":"https:\/\/horapicodigital.com.ar\/index.php\/wp-json\/wp\/v2\/posts\/11890\/revisions\/11892"}],"wp:featuredmedia":[{"embeddable":true,"href":"https:\/\/horapicodigital.com.ar\/index.php\/wp-json\/wp\/v2\/media\/11891"}],"wp:attachment":[{"href":"https:\/\/horapicodigital.com.ar\/index.php\/wp-json\/wp\/v2\/media?parent=11890"}],"wp:term":[{"taxonomy":"category","embeddable":true,"href":"https:\/\/horapicodigital.com.ar\/index.php\/wp-json\/wp\/v2\/categories?post=11890"},{"taxonomy":"post_tag","embeddable":true,"href":"https:\/\/horapicodigital.com.ar\/index.php\/wp-json\/wp\/v2\/tags?post=11890"}],"curies":[{"name":"wp","href":"https:\/\/api.w.org\/{rel}","templated":true}]}}