{"id":11794,"date":"2025-01-06T06:19:16","date_gmt":"2025-01-06T09:19:16","guid":{"rendered":"https:\/\/horapicodigital.com.ar\/?p=11794"},"modified":"2025-01-06T06:19:22","modified_gmt":"2025-01-06T09:19:22","slug":"calendario-de-feriados-2025-asi-quedan-los-fines-de-semana-largos-y-dias-no-laborables-mes-a-mes","status":"publish","type":"post","link":"https:\/\/horapicodigital.com.ar\/index.php\/2025\/01\/06\/calendario-de-feriados-2025-asi-quedan-los-fines-de-semana-largos-y-dias-no-laborables-mes-a-mes\/","title":{"rendered":"Calendario de feriados 2025: as\u00ed quedan los fines de semana largos y d\u00edas no laborables, mes a mes"},"content":{"rendered":"\n<p>Aunque el Gobierno no oficializ\u00f3 las jornadas de descanso del a\u00f1o entrante, s\u00ed confirm\u00f3 los puentes tur\u00edsticos y otras fechas pueden adelantarse, ya que est\u00e1n fijadas por ley.<\/p>\n\n\n\n<p>El\u00a0<strong>calendario completo de feriados 2025<\/strong>\u00a0permite ver\u00a0c\u00f3mo quedan los fines de semana largos y d\u00edas no laborables del a\u00f1o que viene, mes a mes.<\/p>\n\n\n\n<p>Aunque todav\u00eda no se public\u00f3 de manera oficial este documento, los feriados inamovibles y trasladables se fijan por la\u00a0ley 27.399, tambi\u00e9n llamada de Establecimiento de feriados y fines de semana largos. Adem\u00e1s,\u00a0<strong>el Gobierno anunci\u00f3 cu\u00e1les ser\u00e1n los d\u00edas no laborables tur\u00edsticos del a\u00f1o entrante<\/strong>, una categor\u00eda en la que se puede disponer hasta tres jornadas destinadas a fomentar el turismo y los desplazamientos internos.<\/p>\n\n\n\n<p>Sin embargo, este a\u00f1o cobra una nueva importancia conocer la diferencia entre los d\u00edas no laborables y los feriados, sobre todo por las fechas puentes. Es que, como se mencion\u00f3,\u00a0<strong>2025 tendr\u00e1 tres d\u00edas no laborables puentes, y no tres feriados puentes<\/strong>, como sol\u00eda ser la costumbre. La principal diferencia radica en que los d\u00edas no laborables son fechas donde el descanso queda a discreci\u00f3n del empleador, y en caso de que se deba trabajar, no se cobra el doble como sucede en los feriados.<\/p>\n\n\n\n<h2 class=\"wp-block-heading\">Cu\u00e1les son los feriados confirmados de 2025 y los puente<\/h2>\n\n\n\n<p>Como se mencion\u00f3, a\u00fan&nbsp;<strong>no se oficializ\u00f3 el calendario de feriados 2025<\/strong>. Sin embargo,&nbsp;<a href=\"https:\/\/www.lanacion.com.ar\/feriados\/2025\/feriados-2025-en-argentina-calendario-dias-movibles-y-todo-lo-que-se-sabe-nid30102024\/\">hay una serie de d\u00edas de descanso que se pueden adelantar<\/a>&nbsp;y est\u00e1n detallados en la&nbsp;<a href=\"https:\/\/www.argentina.gob.ar\/normativa\/nacional\/ley-27399-281835\/texto\" rel=\"noreferrer noopener\" target=\"_blank\">ley 27.399&nbsp;<\/a>de \u201cEstablecimiento de feriados y fines de semana largos\u201d que define cu\u00e1les son los&nbsp;<strong>feriados nacionales inamovibles<\/strong>, establecidos por ley.<\/p>\n\n\n\n<p>Algunos de ellos, como el A\u00f1o Nuevo o<a href=\"https:\/\/www.lanacion.com.ar\/feriados\/2025\/cuando-es-el-carnaval-2025-nid03102024\/\">&nbsp;los d\u00edas de Carnaval<\/a>, se ajustan a las vicisitudes del calendario gregoriano, y as\u00ed cambian a\u00f1o tras a\u00f1o su lugar en la semana. Por otro lado, determinadas&nbsp;<strong>fechas patrias<\/strong>&nbsp;est\u00e1n fijadas en las efem\u00e9rides que conmemoran. Tambi\u00e9n est\u00e1n<strong>&nbsp;los feriados trasladables<\/strong>, categor\u00eda que agrupa a distintas celebraciones que pueden caer en fin de semana, moverse al lunes anterior cuando caigan un martes o mi\u00e9rcoles, o al posterior si caen un jueves o viernes.<\/p>\n\n\n\n<p><strong>Enero<\/strong><\/p>\n\n\n\n<ul class=\"wp-block-list\">\n<li>Mi\u00e9rcoles 1\u00b0 de enero: A\u00f1o Nuevo (feriado inamovible)<\/li>\n<\/ul>\n\n\n\n<p><strong>Marzo<\/strong><\/p>\n\n\n\n<ul class=\"wp-block-list\">\n<li>Lunes 3 y martes 4 de marzo: Carnaval (feriado inamovible)<\/li>\n\n\n\n<li>Lunes 24 de marzo: D\u00eda Nacional de la Memoria por la Verdad y la Justicia (feriado inamovible)<\/li>\n<\/ul>\n\n\n\n<p><strong>Abril<\/strong><\/p>\n\n\n\n<ul class=\"wp-block-list\">\n<li>Mi\u00e9rcoles 2 de abril: D\u00eda del Veterano y de los Ca\u00eddos en la Guerra de Malvinas (feriado inamovible)<\/li>\n\n\n\n<li>Jueves 17 de abril: Jueves Santo (d\u00eda no laborable)<\/li>\n\n\n\n<li><a href=\"https:\/\/www.lanacion.com.ar\/feriados\/2025\/cuando-es-semana-santa-2025-nid28102024\/\">Viernes 18 de abril: Viernes Santo<\/a>&nbsp;(feriado inamovible)<\/li>\n<\/ul>\n\n\n\n<p><strong>Mayo<\/strong><\/p>\n\n\n\n<ul class=\"wp-block-list\">\n<li>Jueves 1\u00b0 de mayo: D\u00eda del Trabajador (feriado inamovible)<\/li>\n\n\n\n<li>Viernes 2 de mayo: d\u00eda no laborable puente<\/li>\n\n\n\n<li>Domingo 25 de mayo: D\u00eda de la Revoluci\u00f3n de Mayo (feriado inamovible)<\/li>\n<\/ul>\n\n\n\n<p><strong>Junio<\/strong><\/p>\n\n\n\n<ul class=\"wp-block-list\">\n<li>Lunes 16 de junio: Paso a la Inmortalidad del General Don Mart\u00edn Miguel de G\u00fcemes (se trasladar\u00eda del martes 17 de junio por ser un feriado trasladable)<\/li>\n\n\n\n<li>Viernes 20 de junio: Paso a la Inmortalidad del General Don Manuel Belgrano (feriado inamovible)<\/li>\n<\/ul>\n\n\n\n<p><strong>Julio<\/strong><\/p>\n\n\n\n<ul class=\"wp-block-list\">\n<li>Mi\u00e9rcoles 9 de julio: D\u00eda de la Independencia (feriado inamovible)<\/li>\n<\/ul>\n\n\n\n<p><strong>Agosto<\/strong><\/p>\n\n\n\n<ul class=\"wp-block-list\">\n<li>Viernes 15 de agosto: d\u00eda no laborable puente<\/li>\n\n\n\n<li>Domingo 17 de agosto: Paso a la Inmortalidad del General Don Jos\u00e9 de San Mart\u00edn (feriado trasladable)<\/li>\n<\/ul>\n\n\n\n<p><strong>Octubre<\/strong><\/p>\n\n\n\n<ul class=\"wp-block-list\">\n<li>Domingo 12 de octubre: D\u00eda del Respeto a la Diversidad Cultural (feriado trasladable)<\/li>\n<\/ul>\n\n\n\n<p><strong>Noviembre<\/strong><\/p>\n\n\n\n<ul class=\"wp-block-list\">\n<li>Viernes 21 de noviembre: d\u00eda no laborable puente.<\/li>\n\n\n\n<li>Lunes 24 de noviembre: D\u00eda de la Soberan\u00eda Nacional (se trasladar\u00eda del jueves 20 de noviembre por ser un feriado trasladable).<\/li>\n<\/ul>\n\n\n\n<p><strong>Diciembre<\/strong><\/p>\n\n\n\n<ul class=\"wp-block-list\">\n<li>Lunes 8 de diciembre: D\u00eda de la Inmaculada Concepci\u00f3n de Mar\u00eda (feriado inamovible)<\/li>\n\n\n\n<li>Jueves 25 de diciembre: Navidad (feriado inamovible)<\/li>\n<\/ul>\n","protected":false},"excerpt":{"rendered":"<p>Aunque el Gobierno no oficializ\u00f3 las jornadas de descanso del a\u00f1o entrante, s\u00ed confirm\u00f3 los puentes tur\u00edsticos y otras fechas pueden adelantarse, ya que est\u00e1n fijadas por ley. El\u00a0calendario completo de feriados 2025\u00a0permite ver\u00a0c\u00f3mo quedan los fines de semana largos y d\u00edas no laborables del a\u00f1o que viene, mes a mes. Aunque todav\u00eda no se [&hellip;]<\/p>\n","protected":false},"author":7,"featured_media":11796,"comment_status":"open","ping_status":"open","sticky":false,"template":"","format":"standard","meta":{"_themeisle_gutenberg_block_has_review":false,"footnotes":""},"categories":[8,2714,1],"tags":[58],"class_list":["post-11794","post","type-post","status-publish","format-standard","has-post-thumbnail","hentry","category-fin-de-semana","category-shows-y-eventos","category-uncategorized","tag-jujuy"],"_links":{"self":[{"href":"https:\/\/horapicodigital.com.ar\/index.php\/wp-json\/wp\/v2\/posts\/11794","targetHints":{"allow":["GET"]}}],"collection":[{"href":"https:\/\/horapicodigital.com.ar\/index.php\/wp-json\/wp\/v2\/posts"}],"about":[{"href":"https:\/\/horapicodigital.com.ar\/index.php\/wp-json\/wp\/v2\/types\/post"}],"author":[{"embeddable":true,"href":"https:\/\/horapicodigital.com.ar\/index.php\/wp-json\/wp\/v2\/users\/7"}],"replies":[{"embeddable":true,"href":"https:\/\/horapicodigital.com.ar\/index.php\/wp-json\/wp\/v2\/comments?post=11794"}],"version-history":[{"count":1,"href":"https:\/\/horapicodigital.com.ar\/index.php\/wp-json\/wp\/v2\/posts\/11794\/revisions"}],"predecessor-version":[{"id":11797,"href":"https:\/\/horapicodigital.com.ar\/index.php\/wp-json\/wp\/v2\/posts\/11794\/revisions\/11797"}],"wp:featuredmedia":[{"embeddable":true,"href":"https:\/\/horapicodigital.com.ar\/index.php\/wp-json\/wp\/v2\/media\/11796"}],"wp:attachment":[{"href":"https:\/\/horapicodigital.com.ar\/index.php\/wp-json\/wp\/v2\/media?parent=11794"}],"wp:term":[{"taxonomy":"category","embeddable":true,"href":"https:\/\/horapicodigital.com.ar\/index.php\/wp-json\/wp\/v2\/categories?post=11794"},{"taxonomy":"post_tag","embeddable":true,"href":"https:\/\/horapicodigital.com.ar\/index.php\/wp-json\/wp\/v2\/tags?post=11794"}],"curies":[{"name":"wp","href":"https:\/\/api.w.org\/{rel}","templated":true}]}}