{"id":11787,"date":"2025-01-05T09:17:48","date_gmt":"2025-01-05T12:17:48","guid":{"rendered":"https:\/\/horapicodigital.com.ar\/?p=11787"},"modified":"2025-01-05T09:17:54","modified_gmt":"2025-01-05T12:17:54","slug":"desafio-a-maduro-javier-milei-recibio-al-opositor-gonzalez-urrutia-en-casa-rosada-como-presidente-electo","status":"publish","type":"post","link":"https:\/\/horapicodigital.com.ar\/index.php\/2025\/01\/05\/desafio-a-maduro-javier-milei-recibio-al-opositor-gonzalez-urrutia-en-casa-rosada-como-presidente-electo\/","title":{"rendered":"Desaf\u00edo a Maduro: Javier Milei recibi\u00f3 al opositor Gonz\u00e1lez Urrutia en Casa Rosada como presidente electo"},"content":{"rendered":"\n<p>En un nuevo cap\u00edtulo del enfrentamiento con su vice, el Presidente sostuvo que \u201cla casta pol\u00edtica vive desconectada de la realidad de los argentinos y en el Senado son sueldos que est\u00e1n en torno a los $10 millones y es el micromundo en el que ella vive\u201d.<\/p>\n\n\n\n<p>\u00abEstamos haciendo lo que la causa de la libertad requiere, ni m\u00e1s ni menos\u00bb, expres\u00f3 Javier Milei este s\u00e1bado al recibir en la Casa Rosada a Edmundo Gonz\u00e1lez Urrutia a quien volvi\u00f3 a reconocer como el presidente electo de Venezuela, en un doble gesto: desconoce la declaraci\u00f3n de auto reelecci\u00f3n por parte de Nicol\u00e1s Maduro en los comicios presidenciales del 28 de julio pasado, y por el otro lado, se convierte al recibir al opositor en el adalid en Latinoam\u00e9rica de la lucha contra la dictadura chavista.<\/p>\n\n\n\n<p>Por cierto a Gonz\u00e1lez Urrutia, que como anticip\u00f3<strong>&nbsp;Clar\u00edn<\/strong>&nbsp;lleg\u00f3 este viernes al pa\u00eds acompa\u00f1ado por su esposa, Mercedes L\u00f3pez, bajo un m\u00e1ximo hermetismo desde su exilio en Espa\u00f1a -por razones de seguridad-, se le dispens\u00f3&nbsp;<strong>un trato de Presidente.<\/strong><\/p>\n\n\n\n<p>Milei lo llev\u00f3 al balc\u00f3n de la Rosada para saludar a los miles de venezolanos en el exilio argentino que lo fueron a vitorear a la Plaza de Mayo, y lo hizo acompa\u00f1ar en sus horas en Buenos Aires por los ministros Patricia Bullrich (Seguridad) y Gerardo Werthein (Exteriores). Con ellos, el delf\u00edn de la verdadera l\u00edder de la oposici\u00f3n venezolana -Mar\u00eda Corina Machado, proscrita a nivel electoral y oculta en la clandestinidad porque tambi\u00e9n est\u00e1 perseguida por la dictadura- dio una conferencia de prensa en el Palacio San Mart\u00edn.<\/p>\n\n\n\n<p>M\u00e1s tarde, el gobierno de Jorge Macri lo declar\u00f3\u00a0<strong>visitante ilustre de la Ciudad<\/strong>\u00a0de Buenos Aires a Gonz\u00e1lez Urrutia, en un acto en el que estuvieron la vicejefa del Gobierno, Clara Muzzio y el secretario general y de relaciones internacionales, Fulvio Pompeo. Fue en los salones de la Fundaci\u00f3n Libertad, donde lo homenajearon su presidente, Gerardo Bongiovanni y el diputado Alejandro Bongiovanni. Gonz\u00e1lez Urrutia estaba emocionado. Lo rodearon los legisladores que siempre acompa\u00f1aron la causa venezolana y que capitanea la activista Elisa Trotta. Estaban, entre otros. Fernando Iglesias, Karina Banfi, Sabrina Ajmechet, Marcela Campagnoli.<\/p>\n\n\n\n<p>El ex presidente&nbsp;<strong>Mauricio Macri se contact\u00f3 con Gonz\u00e1lez Urrutia<\/strong>&nbsp;y, adem\u00e1s de felicitarlo por su triunfo electoral, dese\u00f3 que lo antes posible \u00abdevuelva la libertad al pueblo venezolano\u00bb.<\/p>\n\n\n\n<p>En la rueda de prensa en el edificio hist\u00f3rico de la Canciller\u00eda, la ministra Bullrich lanz\u00f3 un frase que gener\u00f3 enorme expectativa por el alcance de la misma en medio de varias versiones. La ministra dijo que<strong>&nbsp;la Argentina iba a acompa\u00f1ar en todos los sentidos el regreso a Venezuela que anunci\u00f3 Edmundo Gonz\u00e1lez Urrutia para asumir la presidencia este 10 de enero<\/strong>, algo que no podr\u00eda ocurrir sin violencia mediante por parte del r\u00e9gimen que no lo dejar\u00eda ni siquiera aterrizar.<\/p>\n\n\n\n<p>En las horas posteriores a las elecciones del 28 de julio, cuando la oposici\u00f3n venezolana ten\u00eda las actas electorales que podr\u00edan demostrar un gran fraude del chavismo y que fue Gonz\u00e1lez Urrutia el ganador de los comicios -de hecho Maduro nunca mostr\u00f3 las suyas que lo confirmar\u00edan como ganador- el pol\u00edtico y ex embajador en Argentina se tuvo que esconder en una embajada de donde debi\u00f3 a su vez salir al exilio negociado con Espa\u00f1a. Ten\u00eda una orden de detenci\u00f3n por parte del r\u00e9gimen de Maduro que ahora le puso un precio de 100 mil d\u00f3lares a su cabeza.<\/p>\n\n\n\n<p>Este s\u00e1bado Bullrich dijo varias veces que Argentina lo iba a acompa\u00f1ar a llegar a Venezuela este 10 de enero de la forma en que la oposici\u00f3n lo requiera: es decir f\u00edsica y pol\u00edticamente.<\/p>\n\n\n\n<p>La ministra no quiso dar precisiones pero circularon versiones de que&nbsp;<strong>un grupo de ex presidente y altos dirigentes latinoamericanos quieren volar desde Estados Unidos o desde Rep\u00fablica Dominicana y aterrizar en Caracas con Edmundo Gonz\u00e1lez Urrutia<\/strong>, en un avi\u00f3n que utilizaba Maduro y que fue confiscado por el gobierno y la justicia dominicana y trasladado a La Florida. Para otros, eso es un acto sumamente peligroso, una verdadera \u201clocura\u201d. Por cierto, cuando fueron los comicios, hubo un intento similar de ex presidentes y l\u00edderes, incluyendo argentinos para aterrizar en Caracas como observadores, y ni siquiera pudieron despegar de Panam\u00e1.<\/p>\n\n\n\n<p>En el Palacio San Mart\u00edn, ante los periodistas, un agradecido Urrutia dijo que en esta gira -que&nbsp;<strong>curiosamente no incluy\u00f3 a Paraguay, ni Chile, ni Brasil-<\/strong>&nbsp;volar\u00e1 despu\u00e9s de pasar por Uruguay este s\u00e1bado a Estados Unidos, donde el gobierno de Joe Biden tambi\u00e9n lo reconoce como vencedor en los comicios del 28 de julio. El periplo tambi\u00e9n incluye a Panam\u00e1 y Rep\u00fablica Dominicana, de donde surgi\u00f3 la versi\u00f3n inquietante, y en la que la ministra Bullrich puso su grano de arena.<\/p>\n\n\n\n<p>Si bien la agenda del dirigente anti chavista en EE.UU. est\u00e1 en definici\u00f3n, contempla -dijo \u00e9l mismo- \u00abreuniones con los l\u00edderes pol\u00edticos representados en el congreso. Tambi\u00e9n tenemos previsto una conversaci\u00f3n con el presidente (Joe) Biden y esperamos definiciones con respecto a las nuevas autoridades, que todav\u00eda no est\u00e1n definidas\u201d.<\/p>\n\n\n\n<p>Esta visita, que tambi\u00e9n incluy\u00f3 al ex alcalde de Caracas, Antonio Jos\u00e9 Ledezma, se produce en medio de un alto grado de tensi\u00f3n entre el r\u00e9gimen chavista y el gobierno libertario, cuyas relaciones diplom\u00e1ticas se rompieron en agosto cuando Maduro ech\u00f3 a los diplom\u00e1ticos argentinos acreditados en Caracas y baj\u00f3 persiana por completo de su sede en Buenos Aires.<\/p>\n\n\n\n<p>En la residencia argentina quedaron cinco colaboradores de Mar\u00eda Corina Machado asilados y sin que se les conceda un salvoconducto. La representaci\u00f3n de los intereses qued\u00f3 a cargo de Brasil, pero a esas tensiones se sumaron la del gendarme argentino Nahuel Agust\u00edn Gallo, detenido en la frontera de ese pa\u00eds el pasado 8 de diciembre, y por el que Argentina recurri\u00f3 a la Corte Penal Internacional, a la OEA y a la CIDH entre otros recursos diplom\u00e1ticos.<\/p>\n\n\n\n<p><\/p>\n","protected":false},"excerpt":{"rendered":"<p>En un nuevo cap\u00edtulo del enfrentamiento con su vice, el Presidente sostuvo que \u201cla casta pol\u00edtica vive desconectada de la realidad de los argentinos y en el Senado son sueldos que est\u00e1n en torno a los $10 millones y es el micromundo en el que ella vive\u201d. \u00abEstamos haciendo lo que la causa de la [&hellip;]<\/p>\n","protected":false},"author":7,"featured_media":11788,"comment_status":"open","ping_status":"open","sticky":false,"template":"","format":"standard","meta":{"_themeisle_gutenberg_block_has_review":false,"footnotes":""},"categories":[33],"tags":[38,971,19,85],"class_list":["post-11787","post","type-post","status-publish","format-standard","has-post-thumbnail","hentry","category-politica","tag-economia","tag-milei","tag-mundo","tag-pais"],"_links":{"self":[{"href":"https:\/\/horapicodigital.com.ar\/index.php\/wp-json\/wp\/v2\/posts\/11787","targetHints":{"allow":["GET"]}}],"collection":[{"href":"https:\/\/horapicodigital.com.ar\/index.php\/wp-json\/wp\/v2\/posts"}],"about":[{"href":"https:\/\/horapicodigital.com.ar\/index.php\/wp-json\/wp\/v2\/types\/post"}],"author":[{"embeddable":true,"href":"https:\/\/horapicodigital.com.ar\/index.php\/wp-json\/wp\/v2\/users\/7"}],"replies":[{"embeddable":true,"href":"https:\/\/horapicodigital.com.ar\/index.php\/wp-json\/wp\/v2\/comments?post=11787"}],"version-history":[{"count":1,"href":"https:\/\/horapicodigital.com.ar\/index.php\/wp-json\/wp\/v2\/posts\/11787\/revisions"}],"predecessor-version":[{"id":11789,"href":"https:\/\/horapicodigital.com.ar\/index.php\/wp-json\/wp\/v2\/posts\/11787\/revisions\/11789"}],"wp:featuredmedia":[{"embeddable":true,"href":"https:\/\/horapicodigital.com.ar\/index.php\/wp-json\/wp\/v2\/media\/11788"}],"wp:attachment":[{"href":"https:\/\/horapicodigital.com.ar\/index.php\/wp-json\/wp\/v2\/media?parent=11787"}],"wp:term":[{"taxonomy":"category","embeddable":true,"href":"https:\/\/horapicodigital.com.ar\/index.php\/wp-json\/wp\/v2\/categories?post=11787"},{"taxonomy":"post_tag","embeddable":true,"href":"https:\/\/horapicodigital.com.ar\/index.php\/wp-json\/wp\/v2\/tags?post=11787"}],"curies":[{"name":"wp","href":"https:\/\/api.w.org\/{rel}","templated":true}]}}