{"id":11752,"date":"2025-01-03T07:20:46","date_gmt":"2025-01-03T10:20:46","guid":{"rendered":"https:\/\/horapicodigital.com.ar\/?p=11752"},"modified":"2025-01-03T07:20:51","modified_gmt":"2025-01-03T10:20:51","slug":"verano-cientifico-en-el-parque-botanico-una-experiencia-para-despertar-vocaciones","status":"publish","type":"post","link":"https:\/\/horapicodigital.com.ar\/index.php\/2025\/01\/03\/verano-cientifico-en-el-parque-botanico-una-experiencia-para-despertar-vocaciones\/","title":{"rendered":"Verano Cient\u00edfico en el Parque Bot\u00e1nico: una experiencia para despertar vocaciones"},"content":{"rendered":"\n<p>La propuesta para ni\u00f1os y adolescentes incluye talleres pr\u00e1cticos y din\u00e1micos para fomentar el aprendizaje y la curiosidad cient\u00edfica en un entorno natural \u00fanico.<\/p>\n\n\n\n<p>En una propuesta que combina ciencia, tecnolog\u00eda y medioambiente, la Agencia de Ciencia, Tecnolog\u00eda e Innovaci\u00f3n del Gobierno de Jujuy, junto a la Direcci\u00f3n de Promoci\u00f3n y Divulgaci\u00f3n Cient\u00edfica y el Parque Bot\u00e1nico Municipal \u00abBar\u00f3n Sch\u00fcel\u00bb, presentan el programa \u00abVerano Cient\u00edfico en el Parque Bot\u00e1nico\u00bb.<\/p>\n\n\n\n<p>La actividad, dirigida a ni\u00f1os y j\u00f3venes de 9 a 16 a\u00f1os, se llevar\u00e1 a cabo los d\u00edas viernes 10 y martes 14 de enero en dos turnos: de 9:00 a 12:00 y de 16:00 a 19:00, en las instalaciones del Parque Bot\u00e1nico Municipal, ubicado en Los Perales, sobre calle Caballito Criollo.<\/p>\n\n\n\n<p>El objetivo principal es enriquecer el aprendizaje de las ciencias mediante un enfoque pr\u00e1ctico que despierte la curiosidad, fomente la creatividad y promueva valores como el esfuerzo y la constancia. Los talleres, impartidos por profesionales, abordar\u00e1n temas como ciencias experimentales, astronom\u00eda, investigaci\u00f3n y cuidado del ambiente, ofreciendo experiencias \u00fanicas para aplicar conocimientos te\u00f3ricos en contextos reales.<\/p>\n\n\n\n<p>Adem\u00e1s, el programa busca fortalecer vocaciones cient\u00edficas y tecnol\u00f3gicas, incentivando a los j\u00f3venes a explorar el mundo de la ciencia y considerar carreras en estas \u00e1reas. Tambi\u00e9n se promover\u00e1n habilidades como el trabajo en equipo, la colaboraci\u00f3n y el intercambio de ideas, contribuyendo al desarrollo de capacidades y actitudes que transformen la percepci\u00f3n sobre la ciencia y el medioambiente.&nbsp;<\/p>\n\n\n\n<p>El \u00abVerano Cient\u00edfico en el Parque Bot\u00e1nico\u00bb es una invitaci\u00f3n abierta para que los m\u00e1s peque\u00f1os descubran el fascinante universo de la ciencia en un espacio natural y colaborativo. Para m\u00e1s informaci\u00f3n, comunicarse con la Agencia de Ciencia, Tecnolog\u00eda e Innovaci\u00f3n del Gobierno de Jujuy.<br><br>Es importante destacar que los cupos son limitados, por lo que quienes est\u00e9n interesados deber\u00e1n inscribirse a trav\u00e9s del siguiente enlace:<br><a href=\"https:\/\/docs.google.com\/forms\/d\/1F6mYp1XPPFbt3OIROekHIjqx7k0OiPSbAFjobLuwfVs\/edit#settings\" target=\"_blank\" rel=\"noreferrer noopener\">https:\/\/docs.google.com\/forms\/d\/1F6mYp1XPPFbt3OIROekHIjqx7k0OiPSbAFjobLuwfVs\/edit#settings<\/a>&nbsp;<\/p>\n\n\n\n<h2 class=\"wp-block-heading\">las m\u00e1s le\u00eddas<\/h2>\n\n\n\n<ul class=\"wp-block-list\">\n<li><a href=\"https:\/\/prensa.jujuy.gob.ar\/obras\/obras-arquitectura-refuncionalizacion-y-mejoras-el-club-villa-san-martin-n117971\">Obras desde Arquitectura: refuncionalizaci\u00f3n y mejoras en el Club Villa San Mart\u00edn<\/a><a href=\"https:\/\/prensa.jujuy.gob.ar\/obras\/obras-arquitectura-refuncionalizacion-y-mejoras-el-club-villa-san-martin-n117971\"><\/a><\/li>\n\n\n\n<li><a href=\"https:\/\/prensa.jujuy.gob.ar\/sadir\/sadir-reactivara-obras-monterrico-n117976\">Sadir reactivar\u00e1 obras en Monterrico<\/a><a href=\"https:\/\/prensa.jujuy.gob.ar\/sadir\/sadir-reactivara-obras-monterrico-n117976\"><\/a><\/li>\n\n\n\n<li><a href=\"https:\/\/prensa.jujuy.gob.ar\/carlos-sadir\/el-gobernador-carlos-sadir-supo-llevar-la-provincia-adelante-n117969\">\u00abEl Gobernador Carlos Sadir supo llevar la provincia adelante\u00bb<\/a><a href=\"https:\/\/prensa.jujuy.gob.ar\/carlos-sadir\/el-gobernador-carlos-sadir-supo-llevar-la-provincia-adelante-n117969\"><\/a><\/li>\n\n\n\n<li><a href=\"https:\/\/prensa.jujuy.gob.ar\/guardia\/con-la-nueva-guardia-continua-el-crecimiento-del-hospital-alto-comedero-n117967\">Con la nueva Guardia, contin\u00faa el crecimiento del Hospital de Alto Comedero<\/a><a href=\"https:\/\/prensa.jujuy.gob.ar\/guardia\/con-la-nueva-guardia-continua-el-crecimiento-del-hospital-alto-comedero-n117967\"><\/a><\/li>\n\n\n\n<li><a href=\"https:\/\/prensa.jujuy.gob.ar\/proveedores\/los-proveedores-del-estado-provincial-deberan-reempadronarse-n117101\">Los proveedores del estado provincial deber\u00e1n reempad<\/a><\/li>\n<\/ul>\n\n\n\n<p><\/p>\n","protected":false},"excerpt":{"rendered":"<p>La propuesta para ni\u00f1os y adolescentes incluye talleres pr\u00e1cticos y din\u00e1micos para fomentar el aprendizaje y la curiosidad cient\u00edfica en un entorno natural \u00fanico. En una propuesta que combina ciencia, tecnolog\u00eda y medioambiente, la Agencia de Ciencia, Tecnolog\u00eda e Innovaci\u00f3n del Gobierno de Jujuy, junto a la Direcci\u00f3n de Promoci\u00f3n y Divulgaci\u00f3n Cient\u00edfica y el [&hellip;]<\/p>\n","protected":false},"author":7,"featured_media":11753,"comment_status":"open","ping_status":"open","sticky":false,"template":"","format":"standard","meta":{"_themeisle_gutenberg_block_has_review":false,"footnotes":""},"categories":[248,81],"tags":[58,2734],"class_list":["post-11752","post","type-post","status-publish","format-standard","has-post-thumbnail","hentry","category-educacion","category-general","tag-jujuy","tag-vocacion"],"_links":{"self":[{"href":"https:\/\/horapicodigital.com.ar\/index.php\/wp-json\/wp\/v2\/posts\/11752","targetHints":{"allow":["GET"]}}],"collection":[{"href":"https:\/\/horapicodigital.com.ar\/index.php\/wp-json\/wp\/v2\/posts"}],"about":[{"href":"https:\/\/horapicodigital.com.ar\/index.php\/wp-json\/wp\/v2\/types\/post"}],"author":[{"embeddable":true,"href":"https:\/\/horapicodigital.com.ar\/index.php\/wp-json\/wp\/v2\/users\/7"}],"replies":[{"embeddable":true,"href":"https:\/\/horapicodigital.com.ar\/index.php\/wp-json\/wp\/v2\/comments?post=11752"}],"version-history":[{"count":1,"href":"https:\/\/horapicodigital.com.ar\/index.php\/wp-json\/wp\/v2\/posts\/11752\/revisions"}],"predecessor-version":[{"id":11754,"href":"https:\/\/horapicodigital.com.ar\/index.php\/wp-json\/wp\/v2\/posts\/11752\/revisions\/11754"}],"wp:featuredmedia":[{"embeddable":true,"href":"https:\/\/horapicodigital.com.ar\/index.php\/wp-json\/wp\/v2\/media\/11753"}],"wp:attachment":[{"href":"https:\/\/horapicodigital.com.ar\/index.php\/wp-json\/wp\/v2\/media?parent=11752"}],"wp:term":[{"taxonomy":"category","embeddable":true,"href":"https:\/\/horapicodigital.com.ar\/index.php\/wp-json\/wp\/v2\/categories?post=11752"},{"taxonomy":"post_tag","embeddable":true,"href":"https:\/\/horapicodigital.com.ar\/index.php\/wp-json\/wp\/v2\/tags?post=11752"}],"curies":[{"name":"wp","href":"https:\/\/api.w.org\/{rel}","templated":true}]}}