{"id":11659,"date":"2024-12-30T09:10:17","date_gmt":"2024-12-30T12:10:17","guid":{"rendered":"https:\/\/horapicodigital.com.ar\/?p=11659"},"modified":"2024-12-30T09:10:23","modified_gmt":"2024-12-30T12:10:23","slug":"se-viene-la-tormenta-como-estara-el-tiempo-para-ano-nuevo-en-jujuy","status":"publish","type":"post","link":"https:\/\/horapicodigital.com.ar\/index.php\/2024\/12\/30\/se-viene-la-tormenta-como-estara-el-tiempo-para-ano-nuevo-en-jujuy\/","title":{"rendered":"\u00bfSe viene la tormenta? C\u00f3mo estar\u00e1 el tiempo para A\u00f1o Nuevo en Jujuy"},"content":{"rendered":"\n<p>El clima en Jujuy estar\u00e1 marcado por d\u00edas inestables con tormentas y lluvias durante toda la semana. Conoc\u00e9 el pron\u00f3stico para A\u00f1o Nuevo.<\/p>\n\n\n\n<p><strong>El \u00faltimo tramo del 2024, A\u00f1o Nuevo y los primeros d\u00edas del 2025 en San Salvador de Jujuy estar\u00e1n caracterizados por un clima inestable<\/strong>. Seg\u00fan el pron\u00f3stico extendido, se esperan tormentas y lluvias en toda la provincia, con temperaturas que oscilar\u00e1n entre los 14 y 28 grados.<\/p>\n\n\n\n<h2 class=\"wp-block-heading\"><strong>Pron\u00f3stico d\u00eda por d\u00eda<\/strong><\/h2>\n\n\n\n<h3 class=\"wp-block-heading\"><strong>Lunes 30 de diciembre<\/strong><\/h3>\n\n\n\n<ul class=\"wp-block-list\">\n<li><strong>M\u00ednima:<\/strong>\u00a014\u00b0C<\/li>\n\n\n\n<li><strong>M\u00e1xima:<\/strong>\u00a026\u00b0C<\/li>\n\n\n\n<li><strong>Condici\u00f3n:<\/strong>\u00a0Tormentas<\/li>\n<\/ul>\n\n\n\n<p>El inicio de la semana presentar\u00e1 tormentas en gran parte de la provincia. La jornada tendr\u00e1 temperaturas agradables, con una m\u00e1xima de 26 grados y m\u00ednimas frescas de 14 grados.<\/p>\n\n\n\n<h3 class=\"wp-block-heading\"><strong>Martes 31 de diciembre<\/strong><\/h3>\n\n\n\n<ul class=\"wp-block-list\">\n<li><strong>M\u00ednima:<\/strong>\u00a015\u00b0C<\/li>\n\n\n\n<li><strong>M\u00e1xima:<\/strong>\u00a028\u00b0C<\/li>\n\n\n\n<li><strong>Condici\u00f3n:<\/strong>\u00a0Tormentas<\/li>\n<\/ul>\n\n\n\n<p>La despedida del a\u00f1o estar\u00e1 marcada por inestabilidad clim\u00e1tica. Las tormentas seguir\u00e1n presentes, con un leve aumento en la temperatura, alcanzando una m\u00e1xima de 28 grados.<\/p>\n\n\n\n<h3 class=\"wp-block-heading\"><strong>Mi\u00e9rcoles 1 de enero de 2025<\/strong><\/h3>\n\n\n\n<ul class=\"wp-block-list\">\n<li><strong>M\u00ednima:<\/strong>\u00a016\u00b0C<\/li>\n\n\n\n<li><strong>M\u00e1xima:<\/strong>\u00a028\u00b0C<\/li>\n\n\n\n<li><strong>Condici\u00f3n:<\/strong>\u00a0Tormentas<\/li>\n<\/ul>\n\n\n\n<p>El 2025 comenzar\u00e1 con clima similar al d\u00eda anterior. Las tormentas ser\u00e1n protagonistas, con temperaturas c\u00e1lidas ideales para quienes disfruten del verano juje\u00f1o.<\/p>\n\n\n\n<h3 class=\"wp-block-heading\"><strong>Jueves 2 de enero<\/strong><\/h3>\n\n\n\n<ul class=\"wp-block-list\">\n<li><strong>M\u00ednima:<\/strong>\u00a017\u00b0C<\/li>\n\n\n\n<li><strong>M\u00e1xima:<\/strong>\u00a024\u00b0C<\/li>\n\n\n\n<li><strong>Condici\u00f3n:<\/strong>\u00a0Lluvias<\/li>\n<\/ul>\n\n\n\n<p>Las tormentas dar\u00e1n paso a lluvias m\u00e1s leves. La m\u00e1xima descender\u00e1 a 24 grados, mientras que la m\u00ednima aumentar\u00e1 levemente.<\/p>\n\n\n\n<h3 class=\"wp-block-heading\"><strong>Viernes 3 de enero<\/strong><\/h3>\n\n\n\n<ul class=\"wp-block-list\">\n<li><strong>M\u00ednima:<\/strong>\u00a017\u00b0C<\/li>\n\n\n\n<li><strong>M\u00e1xima:<\/strong>\u00a024\u00b0C<\/li>\n\n\n\n<li><strong>Condici\u00f3n:<\/strong>\u00a0Lluvias<\/li>\n<\/ul>\n\n\n\n<p>El viernes continuar\u00e1 con lluvias y temperaturas similares al jueves. La inestabilidad ser\u00e1 la constante de la semana.<\/p>\n\n\n\n<h3 class=\"wp-block-heading\"><strong>S\u00e1bado 4 de enero<\/strong><\/h3>\n\n\n\n<ul class=\"wp-block-list\">\n<li><strong>M\u00ednima:<\/strong>\u00a016\u00b0C<\/li>\n\n\n\n<li><strong>M\u00e1xima:<\/strong>\u00a026\u00b0C<\/li>\n\n\n\n<li><strong>Condici\u00f3n:<\/strong>\u00a0Lluvias<\/li>\n<\/ul>\n\n\n\n<p>El fin de semana comenzar\u00e1 con lluvias y una leve suba en las temperaturas. Se espera que la m\u00e1xima alcance los 26 grados.<\/p>\n\n\n\n<h3 class=\"wp-block-heading\"><strong>Domingo 5 de enero<\/strong><\/h3>\n\n\n\n<ul class=\"wp-block-list\">\n<li><strong>M\u00ednima:<\/strong>\u00a016\u00b0C<\/li>\n\n\n\n<li><strong>M\u00e1xima:<\/strong>\u00a026\u00b0C<\/li>\n\n\n\n<li><strong>Condici\u00f3n:<\/strong>\u00a0Tormentas<\/li>\n<\/ul>\n\n\n\n<p>La semana cerrar\u00e1 con el regreso de las tormentas. Las condiciones clim\u00e1ticas ser\u00e1n similares a las del lunes y martes, con m\u00e1ximas de 26 grados.<\/p>\n\n\n\n<p><\/p>\n","protected":false},"excerpt":{"rendered":"<p>El clima en Jujuy estar\u00e1 marcado por d\u00edas inestables con tormentas y lluvias durante toda la semana. Conoc\u00e9 el pron\u00f3stico para A\u00f1o Nuevo. El \u00faltimo tramo del 2024, A\u00f1o Nuevo y los primeros d\u00edas del 2025 en San Salvador de Jujuy estar\u00e1n caracterizados por un clima inestable. Seg\u00fan el pron\u00f3stico extendido, se esperan tormentas y [&hellip;]<\/p>\n","protected":false},"author":7,"featured_media":11660,"comment_status":"open","ping_status":"open","sticky":false,"template":"","format":"standard","meta":{"_themeisle_gutenberg_block_has_review":false,"footnotes":""},"categories":[2711],"tags":[1610,2728,58],"class_list":["post-11659","post","type-post","status-publish","format-standard","has-post-thumbnail","hentry","category-clima","tag-1610","tag-ano-nuevo","tag-jujuy"],"_links":{"self":[{"href":"https:\/\/horapicodigital.com.ar\/index.php\/wp-json\/wp\/v2\/posts\/11659","targetHints":{"allow":["GET"]}}],"collection":[{"href":"https:\/\/horapicodigital.com.ar\/index.php\/wp-json\/wp\/v2\/posts"}],"about":[{"href":"https:\/\/horapicodigital.com.ar\/index.php\/wp-json\/wp\/v2\/types\/post"}],"author":[{"embeddable":true,"href":"https:\/\/horapicodigital.com.ar\/index.php\/wp-json\/wp\/v2\/users\/7"}],"replies":[{"embeddable":true,"href":"https:\/\/horapicodigital.com.ar\/index.php\/wp-json\/wp\/v2\/comments?post=11659"}],"version-history":[{"count":1,"href":"https:\/\/horapicodigital.com.ar\/index.php\/wp-json\/wp\/v2\/posts\/11659\/revisions"}],"predecessor-version":[{"id":11661,"href":"https:\/\/horapicodigital.com.ar\/index.php\/wp-json\/wp\/v2\/posts\/11659\/revisions\/11661"}],"wp:featuredmedia":[{"embeddable":true,"href":"https:\/\/horapicodigital.com.ar\/index.php\/wp-json\/wp\/v2\/media\/11660"}],"wp:attachment":[{"href":"https:\/\/horapicodigital.com.ar\/index.php\/wp-json\/wp\/v2\/media?parent=11659"}],"wp:term":[{"taxonomy":"category","embeddable":true,"href":"https:\/\/horapicodigital.com.ar\/index.php\/wp-json\/wp\/v2\/categories?post=11659"},{"taxonomy":"post_tag","embeddable":true,"href":"https:\/\/horapicodigital.com.ar\/index.php\/wp-json\/wp\/v2\/tags?post=11659"}],"curies":[{"name":"wp","href":"https:\/\/api.w.org\/{rel}","templated":true}]}}