{"id":11637,"date":"2024-12-27T06:31:20","date_gmt":"2024-12-27T09:31:20","guid":{"rendered":"https:\/\/horapicodigital.com.ar\/?p=11637"},"modified":"2024-12-27T06:31:26","modified_gmt":"2024-12-27T09:31:26","slug":"resultados-en-tiempo-record-las-tres-anclas-que-marco-luis-caputo-como-las-claves-del-plan-economico-de-este-ano","status":"publish","type":"post","link":"https:\/\/horapicodigital.com.ar\/index.php\/2024\/12\/27\/resultados-en-tiempo-record-las-tres-anclas-que-marco-luis-caputo-como-las-claves-del-plan-economico-de-este-ano\/","title":{"rendered":"\u201cResultados en tiempo r\u00e9cord\u201d: las tres anclas que marc\u00f3 Luis Caputo como las claves del plan econ\u00f3mico de este a\u00f1o"},"content":{"rendered":"\n<h2 class=\"wp-block-heading\">El super\u00e1vit fiscal, el crawling peg de 2% mensual y el freno en la emisi\u00f3n monetaria fueron el resumen del programa que llev\u00f3 adelante el gobierno libertario en el 2024, seg\u00fan el balance de fin de a\u00f1o del Ministerio de Econom\u00eda.<\/h2>\n\n\n\n<p>El ministro de Econom\u00eda<strong>\u00a0Luis Caputo<\/strong>\u00a0comparti\u00f3 un balance del primer a\u00f1o de gobierno de J<strong>avier Milei\u00a0<\/strong>y los resultados del plan econ\u00f3mico, con una comparaci\u00f3n entre las principales variables de la macro en 2023 y la \u00faltima informaci\u00f3n disponible de este a\u00f1o. El equipo econ\u00f3mico consider\u00f3 que el programa de gobierno consigui\u00f3 resultados\u00a0<strong>\u201cen tiempo r\u00e9cord\u201d<\/strong>.<\/p>\n\n\n\n<p>El resumen fue posteado por el asesor ministerial<strong>\u00a0Mart\u00edn Vauthier<\/strong>, que tambi\u00e9n es miembro del directorio del BICE y fue replicado por el jefe del equipo econ\u00f3mico. \u201cEn 2024 se combinaron\u00a0<strong>ancla fiscal, monetaria y cambiaria<\/strong>, estrategia financiera consistente y desregulaci\u00f3n. Con libertad y orden macro,los resultados se ven en tiempo r\u00e9cord: recuperaci\u00f3n en V, inflaci\u00f3n cayendo, salarios y jubilaciones subiendo, y pobreza e indigencia bajando\u201d, tuite\u00f3 Vauthier, y el ministro de Econom\u00eda cit\u00f3: \u201cExcelente resumen\u201d.<\/p>\n\n\n\n<p>Un cuadro comparativo acompa\u00f1\u00f3 la publicaci\u00f3n, con n\u00fameros de la macro del 2023 y los \u00faltimos disponibles de este a\u00f1o. As\u00ed, el Palacio de Hacienda compar\u00f3 que el resultado fiscal financiero acumulado en los primeros once meses de cada a\u00f1o fue de un\u00a0<strong>d\u00e9ficit de 3,3%<\/strong>\u00a0del PBI el a\u00f1o pasado, lo que contrasta con el\u00a0<strong>super\u00e1vit de 0,6%<\/strong>\u00a0del Producto alcanzado este a\u00f1o por el fuerte ajuste fiscal ejecutado a lo largo del a\u00f1o, con una ca\u00edda real del gasto cercana al 30% en lo que va del 2024.<\/p>\n\n\n\n<p>La\u00a0<strong>inflaci\u00f3n<\/strong>, por su parte, tambi\u00e9n mostr\u00f3 una fuerte desaceleraci\u00f3n en el \u00faltimo a\u00f1o. La minorista pas\u00f3 de ser\u00a0<strong>12,8%<\/strong>\u00a0en noviembre pasado a\u00a0<strong>2,4%<\/strong>\u00a0este a\u00f1o, mientras que la mayorista cay\u00f3 desde\u00a0<strong>11,1%<\/strong>\u00a0a\u00a0<strong>1,4 por ciento<\/strong>. La canasta b\u00e1sica total, que define la l\u00ednea de la pobreza, pas\u00f3 as\u00ed de aumentar 13,1% en noviembre de 2023 a 1,5% el mes pasado y la canasta alimentaria -la que determina la cantidad de indigentes- ten\u00eda un ritmo de suba mensual de 15,2% y pas\u00f3 a ser de 1,1 por ciento.<\/p>\n\n\n\n<p>En relaci\u00f3n a eso, Vauthier tambi\u00e9n compar\u00f3 la&nbsp;<strong>pobreza<\/strong>&nbsp;del tercer trimestre de 2023, que se ubicaba en&nbsp;<strong>44,8%<\/strong>&nbsp;contra el estimado para el mismo trimestre de este a\u00f1o, de&nbsp;<strong>38,9 por ciento<\/strong>. Tambi\u00e9n enumeraron una ca\u00edda de la indigencia desde&nbsp;<strong>13,8%&nbsp;<\/strong>hasta&nbsp;<strong>8,6 por ciento<\/strong>. La tarjeta Alimentar en combinaci\u00f3n con la Asignaci\u00f3n Universal por Hijo, en tanto, cubren casi el costo total de la canasta alimentaria, mientras que hace un a\u00f1o lo hac\u00eda en 65,3 por ciento.<\/p>\n\n\n\n<p>Por \u00faltimo, el funcionario asegur\u00f3 en su cuadro comparativo que el salario del sector privado registrado&nbsp;<strong>creci\u00f3 1%<\/strong>&nbsp;en t\u00e9rminos reales entre noviembre de un a\u00f1o y noviembre del otro, mientras que el haber jubilatorio lo hizo en&nbsp;<strong>8,7%<\/strong>&nbsp;y la AUH, en&nbsp;<strong>99,8 por ciento.<\/strong>&nbsp;El \u00fanico indicador financiero elegido fue el riesgo pa\u00eds, que se desplom\u00f3 desde 1.940 hacia los 650 puntos.<\/p>\n\n\n\n<p>\u201cCon orden macro y sin ruptura de contratos, el programa de estabilizaci\u00f3n con sus anclas fiscal, monetaria y cambiaria permiti\u00f3 bajar r\u00e1pidamente la inflaci\u00f3n (frente a una herencia nominal con riesgo de hiper) y encauzar una recuperaci\u00f3n de la actividad en \u2018V\u2019 (frente un nivel de actividad heredado artificialmente alto dado el deterioro del balance del BCRA y la deuda comercial de importadores)\u201d, dijo por su parte como balance&nbsp;<strong>Federico Furiase<\/strong>, otro de los economistas que forman parte del c\u00edrculo de asesores de Caputo y que adem\u00e1s es director del Banco Central.<\/p>\n\n\n\n<p>\u201cLa inflaci\u00f3n converge al&nbsp;<em>crawling&nbsp;<\/em>del FX (tipo de cambio) del 2% y la inflaci\u00f3n de USA, aun con correcci\u00f3n de precios relativos. Esta din\u00e1mica permite estabilizar el tipo de cambio real bilateral con USA en niveles razonables para una macro con d\u00e9ficit 0, emisi\u00f3n 0, super\u00e1vit comercial y desplome de la brecha cambiaria y el riesgo pa\u00eds. Recordar que a precios de octubre, el tipo de cambio real bilateral con USA promedio de la convertibilidad se ubic\u00f3 en $752\u2033, continu\u00f3 Furiase.<\/p>\n\n\n\n<p>Por \u00faltimo, asegur\u00f3: \u201cLa actividad se recupera r\u00e1pidamente a pesar de la consolidaci\u00f3n fiscal (correcci\u00f3n de 5% del PIB) y del saneamiento de la hoja de balance del BCRA. De la mano del crecimiento de los salarios (+12,7% real vs diciembre de 2023 el salario privado registrado) y del cr\u00e9dito al sector privado (+77% real vs abr-24), la actividad acumula un crecimiento del 5,3% vs el piso de abr-24 y en menos de un a\u00f1o ya supera en un +0,6% el nivel de noviembre de 2023\u2033, concluy\u00f3.<\/p>\n","protected":false},"excerpt":{"rendered":"<p>El super\u00e1vit fiscal, el crawling peg de 2% mensual y el freno en la emisi\u00f3n monetaria fueron el resumen del programa que llev\u00f3 adelante el gobierno libertario en el 2024, seg\u00fan el balance de fin de a\u00f1o del Ministerio de Econom\u00eda. El ministro de Econom\u00eda\u00a0Luis Caputo\u00a0comparti\u00f3 un balance del primer a\u00f1o de gobierno de Javier [&hellip;]<\/p>\n","protected":false},"author":7,"featured_media":11638,"comment_status":"open","ping_status":"open","sticky":false,"template":"","format":"standard","meta":{"_themeisle_gutenberg_block_has_review":false,"footnotes":""},"categories":[6],"tags":[],"class_list":["post-11637","post","type-post","status-publish","format-standard","has-post-thumbnail","hentry","category-economia"],"_links":{"self":[{"href":"https:\/\/horapicodigital.com.ar\/index.php\/wp-json\/wp\/v2\/posts\/11637","targetHints":{"allow":["GET"]}}],"collection":[{"href":"https:\/\/horapicodigital.com.ar\/index.php\/wp-json\/wp\/v2\/posts"}],"about":[{"href":"https:\/\/horapicodigital.com.ar\/index.php\/wp-json\/wp\/v2\/types\/post"}],"author":[{"embeddable":true,"href":"https:\/\/horapicodigital.com.ar\/index.php\/wp-json\/wp\/v2\/users\/7"}],"replies":[{"embeddable":true,"href":"https:\/\/horapicodigital.com.ar\/index.php\/wp-json\/wp\/v2\/comments?post=11637"}],"version-history":[{"count":1,"href":"https:\/\/horapicodigital.com.ar\/index.php\/wp-json\/wp\/v2\/posts\/11637\/revisions"}],"predecessor-version":[{"id":11639,"href":"https:\/\/horapicodigital.com.ar\/index.php\/wp-json\/wp\/v2\/posts\/11637\/revisions\/11639"}],"wp:featuredmedia":[{"embeddable":true,"href":"https:\/\/horapicodigital.com.ar\/index.php\/wp-json\/wp\/v2\/media\/11638"}],"wp:attachment":[{"href":"https:\/\/horapicodigital.com.ar\/index.php\/wp-json\/wp\/v2\/media?parent=11637"}],"wp:term":[{"taxonomy":"category","embeddable":true,"href":"https:\/\/horapicodigital.com.ar\/index.php\/wp-json\/wp\/v2\/categories?post=11637"},{"taxonomy":"post_tag","embeddable":true,"href":"https:\/\/horapicodigital.com.ar\/index.php\/wp-json\/wp\/v2\/tags?post=11637"}],"curies":[{"name":"wp","href":"https:\/\/api.w.org\/{rel}","templated":true}]}}