{"id":11408,"date":"2024-12-11T02:08:57","date_gmt":"2024-12-11T05:08:57","guid":{"rendered":"https:\/\/horapicodigital.com.ar\/?p=11408"},"modified":"2024-12-11T02:09:03","modified_gmt":"2024-12-11T05:09:03","slug":"coordinan-acciones-estrategicas-para-combatir-delitos-contra-la-propiedad","status":"publish","type":"post","link":"https:\/\/horapicodigital.com.ar\/index.php\/2024\/12\/11\/coordinan-acciones-estrategicas-para-combatir-delitos-contra-la-propiedad\/","title":{"rendered":"COORDINAN ACCIONES ESTRATEGICAS PARA COMBATIR DELITOS CONTRA LA PROPIEDAD"},"content":{"rendered":"\n<p>El Ministerio P\u00fablico de la Acusaci\u00f3n (MPA) reuni\u00f3 a fiscales, ayudantes fiscales y autoridades policiales de la Direcci\u00f3n de Investigaciones y las Brigadas del Interior para coordinar estrategias contra los delitos patrimoniales y la criminalidad organizada.<br>La reuni\u00f3n, presidida por el Procurador General, Sergio Enrique Lello S\u00e1nchez, y el Fiscal Regional, Guillermo Beller, se realiz\u00f3 en la sede del MPA ubicada en Otero 232, con el objetivo de fortalecer la colaboraci\u00f3n entre ambas instituciones.<br>Durante el encuentro, Lello S\u00e1nchez subray\u00f3 la importancia de atacar las estructuras criminales detr\u00e1s de los delitos contra la propiedad, como el robo de automotores, autopartes y celulares, afirmando que estas bandas operan como empresas organizadas. Por su parte, el Beller destac\u00f3 la necesidad de optimizar recursos y mantener reuniones peri\u00f3dicas para abordar el fen\u00f3meno delictivo de manera integral, con el apoyo de herramientas tecnol\u00f3gicas y log\u00edsticas que permitir\u00e1n desbaratar estas redes criminales.<br>Ambos funcionarios coincidieron en que el incremento de la criminalidad organizada exige un enfoque conjunto y sostenido. Las autoridades confirmaron que las reuniones continuar\u00e1n de forma regular, con un pr\u00f3ximo encuentro previsto para enero, como parte de un plan estrat\u00e9gico que busca mejorar los \u00edndices de seguridad en la provincia y combatir el delito con mayor eficacia.<\/p>\n","protected":false},"excerpt":{"rendered":"<p>El Ministerio P\u00fablico de la Acusaci\u00f3n (MPA) reuni\u00f3 a fiscales, ayudantes fiscales y autoridades policiales de la Direcci\u00f3n de Investigaciones y las Brigadas del Interior para coordinar estrategias contra los delitos patrimoniales y la criminalidad organizada.La reuni\u00f3n, presidida por el Procurador General, Sergio Enrique Lello S\u00e1nchez, y el Fiscal Regional, Guillermo Beller, se realiz\u00f3 en [&hellip;]<\/p>\n","protected":false},"author":6,"featured_media":11409,"comment_status":"open","ping_status":"open","sticky":false,"template":"","format":"standard","meta":{"_themeisle_gutenberg_block_has_review":false,"footnotes":""},"categories":[32,4],"tags":[915,58,2713],"class_list":["post-11408","post","type-post","status-publish","format-standard","has-post-thumbnail","hentry","category-locales","category-noticias","tag-delitos","tag-jujuy","tag-propiedad"],"_links":{"self":[{"href":"https:\/\/horapicodigital.com.ar\/index.php\/wp-json\/wp\/v2\/posts\/11408","targetHints":{"allow":["GET"]}}],"collection":[{"href":"https:\/\/horapicodigital.com.ar\/index.php\/wp-json\/wp\/v2\/posts"}],"about":[{"href":"https:\/\/horapicodigital.com.ar\/index.php\/wp-json\/wp\/v2\/types\/post"}],"author":[{"embeddable":true,"href":"https:\/\/horapicodigital.com.ar\/index.php\/wp-json\/wp\/v2\/users\/6"}],"replies":[{"embeddable":true,"href":"https:\/\/horapicodigital.com.ar\/index.php\/wp-json\/wp\/v2\/comments?post=11408"}],"version-history":[{"count":1,"href":"https:\/\/horapicodigital.com.ar\/index.php\/wp-json\/wp\/v2\/posts\/11408\/revisions"}],"predecessor-version":[{"id":11410,"href":"https:\/\/horapicodigital.com.ar\/index.php\/wp-json\/wp\/v2\/posts\/11408\/revisions\/11410"}],"wp:featuredmedia":[{"embeddable":true,"href":"https:\/\/horapicodigital.com.ar\/index.php\/wp-json\/wp\/v2\/media\/11409"}],"wp:attachment":[{"href":"https:\/\/horapicodigital.com.ar\/index.php\/wp-json\/wp\/v2\/media?parent=11408"}],"wp:term":[{"taxonomy":"category","embeddable":true,"href":"https:\/\/horapicodigital.com.ar\/index.php\/wp-json\/wp\/v2\/categories?post=11408"},{"taxonomy":"post_tag","embeddable":true,"href":"https:\/\/horapicodigital.com.ar\/index.php\/wp-json\/wp\/v2\/tags?post=11408"}],"curies":[{"name":"wp","href":"https:\/\/api.w.org\/{rel}","templated":true}]}}