{"id":11398,"date":"2024-12-11T01:50:55","date_gmt":"2024-12-11T04:50:55","guid":{"rendered":"https:\/\/horapicodigital.com.ar\/?p=11398"},"modified":"2024-12-11T01:51:02","modified_gmt":"2024-12-11T04:51:02","slug":"galeria-un-ano-en-imagenesgaleria","status":"publish","type":"post","link":"https:\/\/horapicodigital.com.ar\/index.php\/2024\/12\/11\/galeria-un-ano-en-imagenesgaleria\/","title":{"rendered":"Galer\u00eda .\u00a0Un a\u00f1o en im\u00e1genesGaler\u00eda .\u00a0"},"content":{"rendered":"\n<p>Se cumple el primer a\u00f1o de gesti\u00f3n del gobernador Carlos Sadir.<\/p>\n\n\n\n<figure class=\"wp-block-image\"><img decoding=\"async\" src=\"https:\/\/media.prensa.jujuy.gob.ar\/p\/3308c4becec96425fce669258d49d839\/adjuntos\/301\/imagenes\/000\/405\/0000405588\/1200x0\/smart\/un-ano-imagenes-abra-pampa.jpeg\" alt=\"Un a\u00f1o en im\u00e1genes\" title=\"Un a\u00f1o en im\u00e1genes\"\/><\/figure>\n\n\n\n<p><a href=\"https:\/\/media.prensa.jujuy.gob.ar\/p\/3308c4becec96425fce669258d49d839\/adjuntos\/301\/imagenes\/000\/405\/0000405588\/1200x0\/smart\/un-ano-imagenes-abra-pampa.jpeg\"><\/a><\/p>\n\n\n\n<p><a href=\"https:\/\/media.prensa.jujuy.gob.ar\/p\/3308c4becec96425fce669258d49d839\/adjuntos\/301\/imagenes\/000\/405\/0000405588\/1200x0\/smart\/un-ano-imagenes-abra-pampa.jpeg\"><\/a><\/p>\n\n\n\n<figure class=\"wp-block-image\"><img decoding=\"async\" src=\"https:\/\/media.prensa.jujuy.gob.ar\/p\/4c7cdf113a64b4a5f2dfe7d05d43dae7\/adjuntos\/301\/imagenes\/000\/405\/0000405596\/1200x0\/smart\/un-ano-imagenes-junto-emprendedoras.jpg\" alt=\"\" title=\"\"\/><\/figure>\n\n\n\n<figure class=\"wp-block-image\"><img decoding=\"async\" src=\"https:\/\/media.prensa.jujuy.gob.ar\/p\/2b445ace4ee74f438c1b04130a722e2e\/adjuntos\/301\/imagenes\/000\/405\/0000405586\/1200x0\/smart\/tilcara-inauguracion-centro-rehabilitacion-carlos-sadir-66jpeg.jpeg\" alt=\"\" title=\"\"\/><\/figure>\n\n\n\n<figure class=\"wp-block-image\"><img decoding=\"async\" src=\"https:\/\/media.prensa.jujuy.gob.ar\/p\/e8634d8544966e132bebd5b00bada080\/adjuntos\/301\/imagenes\/000\/405\/0000405587\/1200x0\/smart\/un-ano-imagenes-jujuy-corre.jpeg\" alt=\"\" title=\"\"\/><\/figure>\n\n\n\n<figure class=\"wp-block-image\"><img decoding=\"async\" src=\"https:\/\/media.prensa.jujuy.gob.ar\/p\/57322e082caa8ded67984464c441fcf6\/adjuntos\/301\/imagenes\/000\/405\/0000405603\/1200x0\/smart\/un-ano-imagenes-el-carmen.jpeg\" alt=\"\" title=\"\"\/><\/figure>\n\n\n\n<figure class=\"wp-block-image\"><img decoding=\"async\" src=\"https:\/\/media.prensa.jujuy.gob.ar\/p\/ed0b27f25456124134f3eb3177cd4d9d\/adjuntos\/301\/imagenes\/000\/405\/0000405610\/1200x0\/smart\/un-ano-imagenes-el-carmen-ii.jpeg\" alt=\"\" title=\"\"\/><\/figure>\n\n\n\n<figure class=\"wp-block-image\"><img decoding=\"async\" src=\"https:\/\/media.prensa.jujuy.gob.ar\/p\/b2a87c4d516eb3f28dd14d408ded7e37\/adjuntos\/301\/imagenes\/000\/405\/0000405591\/1200x0\/smart\/un-ano-imagenes-entrega-vehiculos-la-policia-la-provincia.jpg\" alt=\"\" title=\"\"\/><\/figure>\n\n\n\n<figure class=\"wp-block-image\"><img decoding=\"async\" src=\"https:\/\/media.prensa.jujuy.gob.ar\/p\/2c8ab26ed5396ac976c33977ffa4a965\/adjuntos\/301\/imagenes\/000\/405\/0000405601\/1200x0\/smart\/un-ano-imagenes-junto-estudiantes.jpg\" alt=\"\" title=\"\"\/><\/figure>\n\n\n\n<figure class=\"wp-block-image\"><img decoding=\"async\" src=\"https:\/\/media.prensa.jujuy.gob.ar\/p\/1f68805a95678415f2a5858b74f508f8\/adjuntos\/301\/imagenes\/000\/405\/0000405593\/1200x0\/smart\/un-ano-imagenes-sadir-junto-estudiantes-ii.jpg\" alt=\"\" title=\"\"\/><\/figure>\n\n\n\n<figure class=\"wp-block-image\"><img decoding=\"async\" src=\"https:\/\/media.prensa.jujuy.gob.ar\/p\/45fc7a76055c5e620723361f1a7a4734\/adjuntos\/301\/imagenes\/000\/405\/0000405600\/1200x0\/smart\/un-ano-imagenes-desfile-carrozas.jpg\" alt=\"\" title=\"\"\/><\/figure>\n\n\n\n<figure class=\"wp-block-image\"><img decoding=\"async\" src=\"https:\/\/media.prensa.jujuy.gob.ar\/p\/f8c3a98cd7901afa907402d1c4fc6de0\/adjuntos\/301\/imagenes\/000\/405\/0000405595\/1200x0\/smart\/un-ano-imagenes-junto-estudiantes.jpg\" alt=\"\" title=\"\"\/><\/figure>\n\n\n\n<figure class=\"wp-block-image\"><img decoding=\"async\" src=\"https:\/\/media.prensa.jujuy.gob.ar\/p\/dbbfe60497d70b5ccad2277f68f36ca1\/adjuntos\/301\/imagenes\/000\/405\/0000405594\/1200x0\/smart\/un-ano-imagenes-entrega-vehiculos-al-same.jpg\" alt=\"\" title=\"\"\/><\/figure>\n\n\n\n<figure class=\"wp-block-image\"><img decoding=\"async\" src=\"https:\/\/media.prensa.jujuy.gob.ar\/p\/ee6ce9df36488b2138f640b2d1799765\/adjuntos\/301\/imagenes\/000\/405\/0000405597\/1200x0\/smart\/un-ano-imagenes-junto-trabajadores.jpg\" alt=\"\" title=\"\"\/><\/figure>\n\n\n\n<figure class=\"wp-block-image\"><img decoding=\"async\" src=\"https:\/\/media.prensa.jujuy.gob.ar\/p\/b9dc662da218182d53872f4f4373d05e\/adjuntos\/301\/imagenes\/000\/405\/0000405598\/1200x0\/smart\/un-ano-imagenes-campeonato-ajedrez.jpg\" alt=\"\" title=\"\"\/><\/figure>\n\n\n\n<figure class=\"wp-block-image\"><img decoding=\"async\" src=\"https:\/\/media.prensa.jujuy.gob.ar\/p\/45fc7a76055c5e620723361f1a7a4734\/adjuntos\/301\/imagenes\/000\/405\/0000405600\/1200x0\/smart\/un-ano-imagenes-desfile-carrozas.jpg\" alt=\"\" title=\"\"\/><\/figure>\n\n\n\n<figure class=\"wp-block-image\"><img decoding=\"async\" src=\"https:\/\/media.prensa.jujuy.gob.ar\/p\/f7bb5ac51905b7407cbf3c332325e9e7\/adjuntos\/301\/imagenes\/000\/405\/0000405602\/1200x0\/smart\/un-ano-imagenes-junto-estudiantes.jpg\" alt=\"\" title=\"\"\/><\/figure>\n\n\n\n<figure class=\"wp-block-image\"><img decoding=\"async\" src=\"https:\/\/media.prensa.jujuy.gob.ar\/p\/2b69c7f1e4b0771628fc03853f3597c1\/adjuntos\/301\/imagenes\/000\/405\/0000405611\/1200x0\/smart\/un-ano-imagenes-reunion.jpeg\" alt=\"\" title=\"\"\/><\/figure>\n\n\n\n<figure class=\"wp-block-image\"><img decoding=\"async\" src=\"https:\/\/media.prensa.jujuy.gob.ar\/p\/4b5d8e1bbeafdee9022760152f46f644\/adjuntos\/301\/imagenes\/000\/405\/0000405604\/1200x0\/smart\/un-ano-imagenes-recorrido-obras.jpg\" alt=\"\" title=\"\"\/><\/figure>\n\n\n\n<figure class=\"wp-block-image\"><img decoding=\"async\" src=\"https:\/\/media.prensa.jujuy.gob.ar\/p\/3da31dc64cb0969cdfdb7c51dafc8c0a\/adjuntos\/301\/imagenes\/000\/405\/0000405605\/1200x0\/smart\/un-ano-imagenes-inauguracion-una-nueva-planta-potabilizadora.jpg\" alt=\"\" title=\"\"\/><\/figure>\n\n\n\n<figure class=\"wp-block-image\"><img decoding=\"async\" src=\"https:\/\/media.prensa.jujuy.gob.ar\/p\/bd81641f3833414793f6ae1dafc2382d\/adjuntos\/301\/imagenes\/000\/405\/0000405606\/1200x0\/smart\/un-ano-imagenes-inauguracion-del-registro-civil.jpg\" alt=\"\" title=\"\"\/><\/figure>\n\n\n\n<figure class=\"wp-block-image\"><img decoding=\"async\" src=\"https:\/\/media.prensa.jujuy.gob.ar\/p\/4417f5429fead28c89c82fb28c5ffbda\/adjuntos\/301\/imagenes\/000\/405\/0000405607\/1200x0\/smart\/un-ano-imagenes-pavimentacion.jpg\" alt=\"\" title=\"\"\/><\/figure>\n\n\n\n<figure class=\"wp-block-image\"><img decoding=\"async\" src=\"https:\/\/media.prensa.jujuy.gob.ar\/p\/d3683fb7a1d213783487707061e8bcf1\/adjuntos\/301\/imagenes\/000\/405\/0000405608\/1200x0\/smart\/un-ano-imagenes-obras.jpeg\" alt=\"\" title=\"\"\/><\/figure>\n\n\n\n<figure class=\"wp-block-image\"><img decoding=\"async\" src=\"https:\/\/media.prensa.jujuy.gob.ar\/p\/908e3c85d3107b9f29a8a6574b8f98cf\/adjuntos\/301\/imagenes\/000\/405\/0000405609\/1200x0\/smart\/un-ano-imagenes-pavimentacion.jpg\" alt=\"\" title=\"\"\/><\/figure>\n","protected":false},"excerpt":{"rendered":"<p>Se cumple el primer a\u00f1o de gesti\u00f3n del gobernador Carlos Sadir.<\/p>\n","protected":false},"author":6,"featured_media":11399,"comment_status":"open","ping_status":"open","sticky":false,"template":"","format":"standard","meta":{"_themeisle_gutenberg_block_has_review":false,"footnotes":""},"categories":[32,4],"tags":[2712,58,1088],"class_list":["post-11398","post","type-post","status-publish","format-standard","has-post-thumbnail","hentry","category-locales","category-noticias","tag-galeria","tag-jujuy","tag-sadir"],"_links":{"self":[{"href":"https:\/\/horapicodigital.com.ar\/index.php\/wp-json\/wp\/v2\/posts\/11398","targetHints":{"allow":["GET"]}}],"collection":[{"href":"https:\/\/horapicodigital.com.ar\/index.php\/wp-json\/wp\/v2\/posts"}],"about":[{"href":"https:\/\/horapicodigital.com.ar\/index.php\/wp-json\/wp\/v2\/types\/post"}],"author":[{"embeddable":true,"href":"https:\/\/horapicodigital.com.ar\/index.php\/wp-json\/wp\/v2\/users\/6"}],"replies":[{"embeddable":true,"href":"https:\/\/horapicodigital.com.ar\/index.php\/wp-json\/wp\/v2\/comments?post=11398"}],"version-history":[{"count":1,"href":"https:\/\/horapicodigital.com.ar\/index.php\/wp-json\/wp\/v2\/posts\/11398\/revisions"}],"predecessor-version":[{"id":11400,"href":"https:\/\/horapicodigital.com.ar\/index.php\/wp-json\/wp\/v2\/posts\/11398\/revisions\/11400"}],"wp:featuredmedia":[{"embeddable":true,"href":"https:\/\/horapicodigital.com.ar\/index.php\/wp-json\/wp\/v2\/media\/11399"}],"wp:attachment":[{"href":"https:\/\/horapicodigital.com.ar\/index.php\/wp-json\/wp\/v2\/media?parent=11398"}],"wp:term":[{"taxonomy":"category","embeddable":true,"href":"https:\/\/horapicodigital.com.ar\/index.php\/wp-json\/wp\/v2\/categories?post=11398"},{"taxonomy":"post_tag","embeddable":true,"href":"https:\/\/horapicodigital.com.ar\/index.php\/wp-json\/wp\/v2\/tags?post=11398"}],"curies":[{"name":"wp","href":"https:\/\/api.w.org\/{rel}","templated":true}]}}