{"id":11385,"date":"2024-12-11T01:33:16","date_gmt":"2024-12-11T04:33:16","guid":{"rendered":"https:\/\/horapicodigital.com.ar\/?p=11385"},"modified":"2024-12-11T01:33:21","modified_gmt":"2024-12-11T04:33:21","slug":"despues-de-32-anos-pagaran-a-ex-trabajadores-de-zapla","status":"publish","type":"post","link":"https:\/\/horapicodigital.com.ar\/index.php\/2024\/12\/11\/despues-de-32-anos-pagaran-a-ex-trabajadores-de-zapla\/","title":{"rendered":"Despu\u00e9s de 32 a\u00f1os pagar\u00e1n a ex trabajadores de Zapla"},"content":{"rendered":"\n<p>El Senador Nacional por la provincia de Jujuy, Ezequiel Atauche, gestion\u00f3 satisfactoriamente ante el Ministerio de Econom\u00eda de la Naci\u00f3n para que se abone a los ex trabajadores de Altos Hornos Zapla la hist\u00f3rica indemnizaci\u00f3n que se les adeudaba a los empleados desde la privatizaci\u00f3n de la empresa.<\/p>\n\n\n\n<p>\u201cEl gobierno de Javier Milei resuelve lo que otros gobiernos olvidaron\u201d, destac\u00f3.<\/p>\n\n\n\n<p>El legislador nacional se reuni\u00f3 con dos representantes de los ex empleados de la empresa y Jos\u00e9 Garc\u00eda Hamilton (secretario Legal y Administrativo) y Gustavo Panera (director nacional de Normalizaci\u00f3n Patrimonial), funcionarios del Ministerio de Econom\u00eda de la Naci\u00f3n para notificar sobre el decreto que establece el antes mencionado pago.<\/p>\n\n\n\n<p>\u201cEsto permite saldar una hist\u00f3rica deuda que ten\u00eda el Estado Argentino con los trabajadores de Jujuy\u201d, puntualiz\u00f3 Atauche.<\/p>\n\n\n<div class=\"wp-block-image\">\n<figure class=\"aligncenter\"><img decoding=\"async\" src=\"https:\/\/las24horasdejujuy.com.ar\/wp-content\/uploads\/2024\/12\/atauche-ex-trabajadores-zapla-02.jpeg\" alt=\"\" class=\"wp-image-512304\"\/><\/figure>\n<\/div>\n\n\n<p>Cabe recordar que, con la sanci\u00f3n de la Ley N\u00b0 23.809 en agosto del a\u00f1o 1990 se aprob\u00f3 la declaraci\u00f3n de \u201csujeto a privatizaci\u00f3n\u201d de Establecimiento Altos Hornos Zapla dependiente de la entonces Direcci\u00f3n General de Fabricaciones Militares formulada mediante el Decreto N\u00b0 1131\/90 y su modificatorio, Decreto N\u00b0 1213\/90.<\/p>\n\n\n\n<p>En el art\u00edculo 1\u00b0 de la Ley N\u00b0 26.700 se estableci\u00f3 un resarcimiento a los ex trabajadores con derecho al Programa de Propiedad Participada que no hayan sido incluidos en dicho programa y que se encontraran trabajando para la empresa al dictarse la norma por la que se la declar\u00f3 sujeta a privatizaci\u00f3n, o a sus derechohabientes.<\/p>\n\n\n\n<p>Desde esa fecha hasta ahora, los ex empleados mantienen un reclamo permanente para que se les abon\u00e9 lo que por ley le corresponde, por lo que las gestiones realizadas por el Senador Atauche significan el reconocimiento y liquidaci\u00f3n de la indemnizaci\u00f3n para los trabajadores del emblem\u00e1tico Altos Hornos Zapla.<\/p>\n\n\n\n<p>\u201cMi compromiso es trabajar por Jujuy y en eso est\u00e1n abocados todos mis esfuerzos y del equipo que me acompa\u00f1a. Es una gran alegr\u00eda poder haber gestionado satisfactoriamente el pago que se les adeudaba a las familias de Jujuy\u201d, finaliz\u00f3 el legislador nacional.<\/p>\n","protected":false},"excerpt":{"rendered":"<p>El Senador Nacional por la provincia de Jujuy, Ezequiel Atauche, gestion\u00f3 satisfactoriamente ante el Ministerio de Econom\u00eda de la Naci\u00f3n para que se abone a los ex trabajadores de Altos Hornos Zapla la hist\u00f3rica indemnizaci\u00f3n que se les adeudaba a los empleados desde la privatizaci\u00f3n de la empresa. \u201cEl gobierno de Javier Milei resuelve lo [&hellip;]<\/p>\n","protected":false},"author":6,"featured_media":11386,"comment_status":"open","ping_status":"open","sticky":false,"template":"","format":"standard","meta":{"_themeisle_gutenberg_block_has_review":false,"footnotes":""},"categories":[32,4],"tags":[58,1842,2004],"class_list":["post-11385","post","type-post","status-publish","format-standard","has-post-thumbnail","hentry","category-locales","category-noticias","tag-jujuy","tag-pago","tag-zapla"],"_links":{"self":[{"href":"https:\/\/horapicodigital.com.ar\/index.php\/wp-json\/wp\/v2\/posts\/11385","targetHints":{"allow":["GET"]}}],"collection":[{"href":"https:\/\/horapicodigital.com.ar\/index.php\/wp-json\/wp\/v2\/posts"}],"about":[{"href":"https:\/\/horapicodigital.com.ar\/index.php\/wp-json\/wp\/v2\/types\/post"}],"author":[{"embeddable":true,"href":"https:\/\/horapicodigital.com.ar\/index.php\/wp-json\/wp\/v2\/users\/6"}],"replies":[{"embeddable":true,"href":"https:\/\/horapicodigital.com.ar\/index.php\/wp-json\/wp\/v2\/comments?post=11385"}],"version-history":[{"count":1,"href":"https:\/\/horapicodigital.com.ar\/index.php\/wp-json\/wp\/v2\/posts\/11385\/revisions"}],"predecessor-version":[{"id":11387,"href":"https:\/\/horapicodigital.com.ar\/index.php\/wp-json\/wp\/v2\/posts\/11385\/revisions\/11387"}],"wp:featuredmedia":[{"embeddable":true,"href":"https:\/\/horapicodigital.com.ar\/index.php\/wp-json\/wp\/v2\/media\/11386"}],"wp:attachment":[{"href":"https:\/\/horapicodigital.com.ar\/index.php\/wp-json\/wp\/v2\/media?parent=11385"}],"wp:term":[{"taxonomy":"category","embeddable":true,"href":"https:\/\/horapicodigital.com.ar\/index.php\/wp-json\/wp\/v2\/categories?post=11385"},{"taxonomy":"post_tag","embeddable":true,"href":"https:\/\/horapicodigital.com.ar\/index.php\/wp-json\/wp\/v2\/tags?post=11385"}],"curies":[{"name":"wp","href":"https:\/\/api.w.org\/{rel}","templated":true}]}}