{"id":11380,"date":"2024-12-10T17:20:36","date_gmt":"2024-12-10T20:20:36","guid":{"rendered":"https:\/\/horapicodigital.com.ar\/?p=11380"},"modified":"2024-12-10T17:20:42","modified_gmt":"2024-12-10T20:20:42","slug":"abel-pintos-vuelve-a-jujuy","status":"publish","type":"post","link":"https:\/\/horapicodigital.com.ar\/index.php\/2024\/12\/10\/abel-pintos-vuelve-a-jujuy\/","title":{"rendered":"ABEL PINTOS VUELVE A JUJUY"},"content":{"rendered":"\n<figure class=\"wp-block-image size-large\"><img loading=\"lazy\" decoding=\"async\" width=\"576\" height=\"1024\" src=\"https:\/\/horapicodigital.com.ar\/wp-content\/uploads\/2024\/12\/WhatsApp-Image-2024-12-10-at-10.36.46-AM-576x1024.jpeg\" alt=\"\" class=\"wp-image-11382\" srcset=\"https:\/\/horapicodigital.com.ar\/wp-content\/uploads\/2024\/12\/WhatsApp-Image-2024-12-10-at-10.36.46-AM-576x1024.jpeg 576w, https:\/\/horapicodigital.com.ar\/wp-content\/uploads\/2024\/12\/WhatsApp-Image-2024-12-10-at-10.36.46-AM-169x300.jpeg 169w, https:\/\/horapicodigital.com.ar\/wp-content\/uploads\/2024\/12\/WhatsApp-Image-2024-12-10-at-10.36.46-AM.jpeg 720w\" sizes=\"auto, (max-width: 576px) 100vw, 576px\" \/><\/figure>\n\n\n\n<p>El cantante y compositor Abel Pintos se presentar\u00e1 el 1 de febrero en Ciudad Cultural de nuestra ciudad.<br>La pre-venta comenz\u00f3 este viernes y las entradas ya se pueden adquirir v\u00eda sitio Vivaticket, con precios que variar\u00e1n seg\u00fan la ubicaci\u00f3n en el recinto. Aunque la gran demanda ya agot\u00f3 los sectores Platino y Oro, a\u00fan quedan disponibles entradas para los sectores platea y campo general.<br>Los precios de las entradas son:<\/p>\n\n\n\n<ul class=\"wp-block-list\">\n<li>Plateas: $50.000<\/li>\n\n\n\n<li>Campo general: $35.000<\/li>\n<\/ul>\n","protected":false},"excerpt":{"rendered":"<p>El cantante y compositor Abel Pintos se presentar\u00e1 el 1 de febrero en Ciudad Cultural de nuestra ciudad.La pre-venta comenz\u00f3 este viernes y las entradas ya se pueden adquirir v\u00eda sitio Vivaticket, con precios que variar\u00e1n seg\u00fan la ubicaci\u00f3n en el recinto. Aunque la gran demanda ya agot\u00f3 los sectores Platino y Oro, a\u00fan quedan [&hellip;]<\/p>\n","protected":false},"author":7,"featured_media":11381,"comment_status":"open","ping_status":"open","sticky":false,"template":"","format":"standard","meta":{"_themeisle_gutenberg_block_has_review":false,"footnotes":""},"categories":[8,32],"tags":[],"class_list":["post-11380","post","type-post","status-publish","format-standard","has-post-thumbnail","hentry","category-fin-de-semana","category-locales"],"_links":{"self":[{"href":"https:\/\/horapicodigital.com.ar\/index.php\/wp-json\/wp\/v2\/posts\/11380","targetHints":{"allow":["GET"]}}],"collection":[{"href":"https:\/\/horapicodigital.com.ar\/index.php\/wp-json\/wp\/v2\/posts"}],"about":[{"href":"https:\/\/horapicodigital.com.ar\/index.php\/wp-json\/wp\/v2\/types\/post"}],"author":[{"embeddable":true,"href":"https:\/\/horapicodigital.com.ar\/index.php\/wp-json\/wp\/v2\/users\/7"}],"replies":[{"embeddable":true,"href":"https:\/\/horapicodigital.com.ar\/index.php\/wp-json\/wp\/v2\/comments?post=11380"}],"version-history":[{"count":1,"href":"https:\/\/horapicodigital.com.ar\/index.php\/wp-json\/wp\/v2\/posts\/11380\/revisions"}],"predecessor-version":[{"id":11383,"href":"https:\/\/horapicodigital.com.ar\/index.php\/wp-json\/wp\/v2\/posts\/11380\/revisions\/11383"}],"wp:featuredmedia":[{"embeddable":true,"href":"https:\/\/horapicodigital.com.ar\/index.php\/wp-json\/wp\/v2\/media\/11381"}],"wp:attachment":[{"href":"https:\/\/horapicodigital.com.ar\/index.php\/wp-json\/wp\/v2\/media?parent=11380"}],"wp:term":[{"taxonomy":"category","embeddable":true,"href":"https:\/\/horapicodigital.com.ar\/index.php\/wp-json\/wp\/v2\/categories?post=11380"},{"taxonomy":"post_tag","embeddable":true,"href":"https:\/\/horapicodigital.com.ar\/index.php\/wp-json\/wp\/v2\/tags?post=11380"}],"curies":[{"name":"wp","href":"https:\/\/api.w.org\/{rel}","templated":true}]}}