{"id":11370,"date":"2024-12-10T06:47:03","date_gmt":"2024-12-10T09:47:03","guid":{"rendered":"https:\/\/horapicodigital.com.ar\/?p=11370"},"modified":"2024-12-10T06:47:08","modified_gmt":"2024-12-10T09:47:08","slug":"secuestraron-30-motos-por-picadas-clandestinas-en-palpala","status":"publish","type":"post","link":"https:\/\/horapicodigital.com.ar\/index.php\/2024\/12\/10\/secuestraron-30-motos-por-picadas-clandestinas-en-palpala\/","title":{"rendered":"Secuestraron 30 motos por picadas clandestinas en Palpal\u00e1"},"content":{"rendered":"\n<p>Desde hace tiempo los vecinos de la ciudad vienen alertando sobre la problem\u00e1tica por lo que este fin de semana se mont\u00f3 un operativo especial, con el cual se logr\u00f3 una gran cantidad de demoras.<\/p>\n\n\n\n<ul class=\"wp-block-list\">\n<li><strong>Operativos policiales del fin de semana en Palpal\u00e1.<\/strong><\/li>\n\n\n\n<li><strong>Se registr\u00f3 un fuerte derrape y apu\u00f1alaron a un adolescente, ambos casos en barrio San Jos\u00e9.<\/strong><\/li>\n\n\n\n<li><strong>Adem\u00e1s, en un operativo lograron el secuestro de 30 motos por picadas clandestinas.<\/strong><\/li>\n<\/ul>\n\n\n\n<p>El comisario&nbsp;<strong>Sebasti\u00e1n S\u00e1nchez<\/strong>&nbsp;de la&nbsp;<strong>Unidad Regional N\u00b08<\/strong>&nbsp;coment\u00f3 los resultados de los operativos del fin de semana en&nbsp;<strong>Palpal\u00e1<\/strong>.<\/p>\n\n\n\n<p>Expuso un derrape de un motociclista y el caso de un\u00a0<strong>adolescente que fue apu\u00f1alado en el barrio San Jos\u00e9<\/strong>.<\/p>\n\n\n\n<p>Tambi\u00e9n cont\u00f3 sobre controles realizados y el\u00a0<strong>secuestro de 30 motos por picadas clandestinas<\/strong>,\u00a0<strong>un problema que ven\u00edan advirtiendo los vecinos de la ciudad<\/strong>.<\/p>\n\n\n\n<h3 class=\"wp-block-heading\"><strong>Un apu\u00f1alado y dos detenidos<\/strong><\/h3>\n\n\n\n<p>\u201c<em>Uno de los hechos que se suscit\u00f3 en esta ciudad fue el viernes por la noche en barrio San Jos\u00e9 donde una persona fue herida con arma blanca. A ra\u00edz de ello personal policial, Infanter\u00eda y GOM mont\u00f3 un operativo cerrojo pudiendo demorar a los culpables en barrio Savio, los cuales se encuentran demorados a disposici\u00f3n de la fiscal\u00eda. Todo es materia de investigaci\u00f3n. La persona herida se encuentra fuera de peligro, pero s\u00ed necesit\u00f3 atenci\u00f3n m\u00e9dica<\/em>\u201d.<\/p>\n\n\n\n<h3 class=\"wp-block-heading\"><strong>Siniestro vial en Ruta 66<\/strong><\/h3>\n\n\n\n<p><em>\u201cEl d\u00eda s\u00e1bado en horas de la noche, una moto perdi\u00f3 estabilidad por inclemencias del tiempo provocando que derrape a la altura del puente derivador del barrio San Jos\u00e9. Por las lesiones que revest\u00eda personal de SAME lo deriv\u00f3 al Hospital Pablo Soria. No se pudo realizar el control de alcoholemia\u201d.<\/em><\/p>\n\n\n\n<h3 class=\"wp-block-heading\"><strong>Controles<\/strong><\/h3>\n\n\n\n<p><em>\u201cSe viene trabajando todos los fines de semana en la ciudad con los operativos en lugares de esparcimiento, boliches bailables y canchas de f\u00fatbol, sin registrar novedades. Anoche se mont\u00f3 un operativo por el tema de las motos y las picadas, de forma conjunta con la municipalidad y se logr\u00f3 el secuestro de 30 motocicletas, las cuales quedaron retenidas y los conductores notificados de las actas contravencionales\u201d.<\/em><\/p>\n\n\n\n<p><\/p>\n","protected":false},"excerpt":{"rendered":"<p>Desde hace tiempo los vecinos de la ciudad vienen alertando sobre la problem\u00e1tica por lo que este fin de semana se mont\u00f3 un operativo especial, con el cual se logr\u00f3 una gran cantidad de demoras. El comisario&nbsp;Sebasti\u00e1n S\u00e1nchez&nbsp;de la&nbsp;Unidad Regional N\u00b08&nbsp;coment\u00f3 los resultados de los operativos del fin de semana en&nbsp;Palpal\u00e1. Expuso un derrape de [&hellip;]<\/p>\n","protected":false},"author":7,"featured_media":11371,"comment_status":"open","ping_status":"open","sticky":false,"template":"","format":"standard","meta":{"_themeisle_gutenberg_block_has_review":false,"footnotes":""},"categories":[34],"tags":[],"class_list":["post-11370","post","type-post","status-publish","format-standard","has-post-thumbnail","hentry","category-policiales"],"_links":{"self":[{"href":"https:\/\/horapicodigital.com.ar\/index.php\/wp-json\/wp\/v2\/posts\/11370","targetHints":{"allow":["GET"]}}],"collection":[{"href":"https:\/\/horapicodigital.com.ar\/index.php\/wp-json\/wp\/v2\/posts"}],"about":[{"href":"https:\/\/horapicodigital.com.ar\/index.php\/wp-json\/wp\/v2\/types\/post"}],"author":[{"embeddable":true,"href":"https:\/\/horapicodigital.com.ar\/index.php\/wp-json\/wp\/v2\/users\/7"}],"replies":[{"embeddable":true,"href":"https:\/\/horapicodigital.com.ar\/index.php\/wp-json\/wp\/v2\/comments?post=11370"}],"version-history":[{"count":1,"href":"https:\/\/horapicodigital.com.ar\/index.php\/wp-json\/wp\/v2\/posts\/11370\/revisions"}],"predecessor-version":[{"id":11372,"href":"https:\/\/horapicodigital.com.ar\/index.php\/wp-json\/wp\/v2\/posts\/11370\/revisions\/11372"}],"wp:featuredmedia":[{"embeddable":true,"href":"https:\/\/horapicodigital.com.ar\/index.php\/wp-json\/wp\/v2\/media\/11371"}],"wp:attachment":[{"href":"https:\/\/horapicodigital.com.ar\/index.php\/wp-json\/wp\/v2\/media?parent=11370"}],"wp:term":[{"taxonomy":"category","embeddable":true,"href":"https:\/\/horapicodigital.com.ar\/index.php\/wp-json\/wp\/v2\/categories?post=11370"},{"taxonomy":"post_tag","embeddable":true,"href":"https:\/\/horapicodigital.com.ar\/index.php\/wp-json\/wp\/v2\/tags?post=11370"}],"curies":[{"name":"wp","href":"https:\/\/api.w.org\/{rel}","templated":true}]}}