{"id":11367,"date":"2024-12-10T06:41:27","date_gmt":"2024-12-10T09:41:27","guid":{"rendered":"https:\/\/horapicodigital.com.ar\/?p=11367"},"modified":"2024-12-10T06:43:31","modified_gmt":"2024-12-10T09:43:31","slug":"en-alto-comedero-un-auto-derribo-un-semaforo-en-la-ruta-9","status":"publish","type":"post","link":"https:\/\/horapicodigital.com.ar\/index.php\/2024\/12\/10\/en-alto-comedero-un-auto-derribo-un-semaforo-en-la-ruta-9\/","title":{"rendered":"En Alto Comedero un auto derrib\u00f3 un sem\u00e1foro en la Ruta 9"},"content":{"rendered":"\n<p>Un\u00a0<strong>auto derrib\u00f3 un sem\u00e1foro en Alto Comedero<\/strong>, sobre la Ruta 9. No hubo heridos, peri si da\u00f1os materiales.<\/p>\n\n\n\n<p>El\u00a0<strong>conductor de un auto perdi\u00f3 el control del veh\u00edculo y derrib\u00f3 un sem\u00e1foro<\/strong>. El siniestro vial fue en la\u00a0<strong>Ruta 9 en el ingreso a la avenida Marina Vilte, en\u00a0<a href=\"https:\/\/www.todojujuy.com\/alto-comedero-a454\" target=\"_blank\" rel=\"noreferrer noopener\">Alto Comedero<\/a><\/strong>. No hubo heridos, pero s\u00ed importantes da\u00f1os materiales.<\/p>\n\n\n\n<p><strong>El incidente se produjo alrededor de las 18 horas<\/strong>, cuando el conductor, por causas que se investigan, no pudo controlar el auto y termin\u00f3 chocando contra el sem\u00e1foro que est\u00e1 ubicado en el ingreso al populoso sector de San Salvador de Jujuy.<\/p>\n\n\n\n<p>A ra\u00edz del siniestro,&nbsp;<strong>efectivos de la seccional de Alto Comedero debieron ordenar el tr\u00e1nsito<\/strong>&nbsp;y permitir el paso de los veh\u00edculos a media calzada. El hombre que conduc\u00eda no sufri\u00f3 heridas, pero s\u00ed algunos golpes leves, aunque el rodado sufri\u00f3 da\u00f1os materiales.<\/p>\n\n\n\n<p>Por ahora&nbsp;<strong>no hay precisiones si alg\u00fan otro veh\u00edculo estuvo involucrado en el incidente vial<\/strong>, que le provoc\u00f3 al conductor la imposibilidad de controlar al auto, o si alg\u00fan peat\u00f3n lo oblig\u00f3 a una maniobra para eludir su presencia en un sector muy concurrido.<\/p>\n\n\n\n<h2 class=\"wp-block-heading\">Siniestro en la Vieja Terminal<\/h2>\n\n\n\n<p>Un grave incidente ocurri\u00f3 este domingo en la zona de la Vieja Terminal de Jujuy, espec\u00edficamente en la intersecci\u00f3n de las calles Iguaz\u00fa y Dorrego, a metros de la Avenida El \u00c9xodo, cuando&nbsp;<strong><a href=\"https:\/\/www.todojujuy.com\/policiales\/incidente-la-vieja-terminal-el-conductor-no-tenia-carnet-y-pediran-la-prision-preventiva-n261994\" target=\"_blank\" rel=\"noreferrer noopener\">una camioneta perdi\u00f3 el control, impact\u00f3 contra un colectivo de media distancia y posteriormente derrib\u00f3 un poste<\/a><\/strong>&nbsp;de alumbrado p\u00fablico.<\/p>\n\n\n\n<p><strong>El poste golpe\u00f3 a una mujer que se encontraba trabajando<\/strong>&nbsp;como vendedora en el lugar, dej\u00e1ndola con heridas de consideraci\u00f3n. Seg\u00fan testigos, el conductor intent\u00f3 huir tras el accidente, pero los vecinos que presenciaron la escena actuaron r\u00e1pidamente y lograron detenerlo hasta la llegada de la polic\u00eda.<\/p>\n\n\n\n<p>El fiscal regional&nbsp;<strong>Guillermo Beller dijo que \u00abla persona est\u00e1 detenida y se declar\u00f3 flagrancia<\/strong>, lo que permite que el proceso se resuelva en poco tiempo. Antes de que termine el mes, podr\u00edamos tener una resoluci\u00f3n\u00bb, afirm\u00f3 el funcionario judicial.<\/p>\n\n\n\n<p>La causa fue<strong>&nbsp;caratulada como lesiones graves culposas agravadas<\/strong>. Seg\u00fan explic\u00f3 Beller, \u201ces culposa porque no existi\u00f3 dolo, y se agrava por varios factores: el conductor superaba la velocidad m\u00e1xima permitida, no ten\u00eda licencia de conducir y dio positivo en el test de alcoholemia\u201d.<\/p>\n\n\n\n<p>Adem\u00e1s,&nbsp;<strong>el fiscal destac\u00f3 que el intento de fuga agrava la situaci\u00f3n del acusado<\/strong>. \u00abEn este tipo de casos, aunque hubo da\u00f1o material, no se imputa porque no hubo intenci\u00f3n. Sin embargo, las lesiones graves y el intento de huida s\u00ed son determinantes en la calificaci\u00f3n penal\u00bb, precis\u00f3.<\/p>\n\n\n\n<p>La Fiscal\u00eda ya solicit\u00f3 la audiencia de prisi\u00f3n preventiva para el conductor, que se llevar\u00e1 a cabo en las pr\u00f3ximas 48 horas.&nbsp;<strong>\u00abEl m\u00e1ximo que se puede pedir de prisi\u00f3n preventiva es de 15 d\u00edas<\/strong>, pero la causa est\u00e1 pr\u00e1cticamente resuelta\u00bb, asegur\u00f3 Beller.<\/p>\n","protected":false},"excerpt":{"rendered":"<p>Un\u00a0auto derrib\u00f3 un sem\u00e1foro en Alto Comedero, sobre la Ruta 9. No hubo heridos, peri si da\u00f1os materiales. El\u00a0conductor de un auto perdi\u00f3 el control del veh\u00edculo y derrib\u00f3 un sem\u00e1foro. El siniestro vial fue en la\u00a0Ruta 9 en el ingreso a la avenida Marina Vilte, en\u00a0Alto Comedero. No hubo heridos, pero s\u00ed importantes da\u00f1os [&hellip;]<\/p>\n","protected":false},"author":7,"featured_media":11368,"comment_status":"open","ping_status":"open","sticky":false,"template":"","format":"standard","meta":{"_themeisle_gutenberg_block_has_review":false,"footnotes":""},"categories":[34],"tags":[],"class_list":["post-11367","post","type-post","status-publish","format-standard","has-post-thumbnail","hentry","category-policiales"],"_links":{"self":[{"href":"https:\/\/horapicodigital.com.ar\/index.php\/wp-json\/wp\/v2\/posts\/11367","targetHints":{"allow":["GET"]}}],"collection":[{"href":"https:\/\/horapicodigital.com.ar\/index.php\/wp-json\/wp\/v2\/posts"}],"about":[{"href":"https:\/\/horapicodigital.com.ar\/index.php\/wp-json\/wp\/v2\/types\/post"}],"author":[{"embeddable":true,"href":"https:\/\/horapicodigital.com.ar\/index.php\/wp-json\/wp\/v2\/users\/7"}],"replies":[{"embeddable":true,"href":"https:\/\/horapicodigital.com.ar\/index.php\/wp-json\/wp\/v2\/comments?post=11367"}],"version-history":[{"count":1,"href":"https:\/\/horapicodigital.com.ar\/index.php\/wp-json\/wp\/v2\/posts\/11367\/revisions"}],"predecessor-version":[{"id":11369,"href":"https:\/\/horapicodigital.com.ar\/index.php\/wp-json\/wp\/v2\/posts\/11367\/revisions\/11369"}],"wp:featuredmedia":[{"embeddable":true,"href":"https:\/\/horapicodigital.com.ar\/index.php\/wp-json\/wp\/v2\/media\/11368"}],"wp:attachment":[{"href":"https:\/\/horapicodigital.com.ar\/index.php\/wp-json\/wp\/v2\/media?parent=11367"}],"wp:term":[{"taxonomy":"category","embeddable":true,"href":"https:\/\/horapicodigital.com.ar\/index.php\/wp-json\/wp\/v2\/categories?post=11367"},{"taxonomy":"post_tag","embeddable":true,"href":"https:\/\/horapicodigital.com.ar\/index.php\/wp-json\/wp\/v2\/tags?post=11367"}],"curies":[{"name":"wp","href":"https:\/\/api.w.org\/{rel}","templated":true}]}}