{"id":11364,"date":"2024-12-10T06:35:05","date_gmt":"2024-12-10T09:35:05","guid":{"rendered":"https:\/\/horapicodigital.com.ar\/?p=11364"},"modified":"2024-12-10T06:38:16","modified_gmt":"2024-12-10T09:38:16","slug":"sigamos-ganando-el-video-de-la-libertad-avanza-que-compartio-javier-milei-por-su-primer-ano-de-gestion","status":"publish","type":"post","link":"https:\/\/horapicodigital.com.ar\/index.php\/2024\/12\/10\/sigamos-ganando-el-video-de-la-libertad-avanza-que-compartio-javier-milei-por-su-primer-ano-de-gestion\/","title":{"rendered":"\u201cSigamos ganando\u201d, el video de La Libertad Avanza que comparti\u00f3 Javier Milei por su primer a\u00f1o de gesti\u00f3n"},"content":{"rendered":"\n<h2 class=\"wp-block-heading\">El presidente public\u00f3 en sus redes social un resumen de los principales logros de su gesti\u00f3n, seg\u00fan la \u00f3ptica del partido que lidera.En la secuencia aparecen figuras importantes de su Gobierno y otras como Donald Trump y Elon Musk.<\/h2>\n\n\n\n<p><strong>Javier Milei&nbsp;<\/strong>comparti\u00f3 este lunes en sus redes sociales un video en el que&nbsp;<strong>La Libertad Avanza resumi\u00f3 su primer a\u00f1o de gesti\u00f3n<\/strong>. \u201cSigamos ganando\u201d, fue uno de los principales mensajes que el partido que lidera el Presidente busc\u00f3 transmitir en la secuencia de casi un minuto y medio, lapso en el cual aparecieron desde figuras importantes de su Gobierno hasta otras que le manifestaron abiertamente su apoyo, como el presidente electo de Estados Unidos, Donald Trump, y el magnate sudafricano Elon Musk.<\/p>\n\n\n\n<p>La sucesi\u00f3n de im\u00e1genes comienza con el juramento que Milei realiz\u00f3 en el Congreso al momento de asumir como Presidente, el 10 de diciembre de 2023.<\/p>\n\n\n\n<p>\u201cCuando este gobierno gan\u00f3 con vos, gan\u00f3 la verdad.<strong>&nbsp;Gan\u00f3 la justicia. Gan\u00f3 el bien<\/strong>\u201d, proclam\u00f3 la voz en off en el comienzo.<\/p>\n\n\n\n<p>Luego, apareci\u00f3 la ministra de Seguridad,&nbsp;<strong>Patricia Bullrich<\/strong>. Fue cuando el locutor indic\u00f3: \u201cGan\u00f3 el castigo a los narcos y criminales\u201d.<\/p>\n\n\n\n<p>El video continu\u00f3 con los logros que, seg\u00fan LLA, alcanz\u00f3 Milei en materia econ\u00f3mica. \u201c<strong>Gan\u00f3 nuestra capacidad para desactivar la bomba de la inflaci\u00f3n<\/strong>&nbsp;que nos hab\u00edan dejado. Gan\u00f3 el innegociable d\u00e9ficit cero\u201d, se sentenci\u00f3, mientras aparec\u00eda la&nbsp;<strong>foto del Presidente abrazando a Luis Caputo<\/strong>&nbsp;en la apertura de las sesiones ordinarias en el Congreso.<\/p>\n\n\n\n<p>Posteriormente se remarc\u00f3 la victoria obtenida en \u201cla guerra a todo o nada con la maldita casta\u201d y tambi\u00e9n el triunfo del honor \u201cde nuestras Fuerzas Armadas\u201d.<\/p>\n\n\n\n<p>\u201cGanaron las ideas libres, el poder de las redes sociales\u201d, continu\u00f3 el video, mientras mostraba a Daniel Parisini, mejor conocido como el \u00abGordo Dan\u00bb.<\/p>\n\n\n\n<p>Tambi\u00e9n se dio cuenta de \u201cla lealtad para defender al l\u00edder,<strong>&nbsp;la revoluci\u00f3n tecnol\u00f3gica<\/strong>, las ideas democr\u00e1ticas\u201d. Fue en el segundo de esos \u00edtems que se vio a&nbsp;<strong>Musk<\/strong>, due\u00f1o de la red social X. Luego tambi\u00e9n se ve a Milei en su encuentro con Donald Trump. Fue cuando se destac\u00f3 que Argentina recuper\u00f3 la \u201cconfianza del mundo\u201d.<\/p>\n\n\n\n<p>Despu\u00e9s de se\u00f1alar \u201cel triunfo de la realidad\u00bb, se menciona la victoria del \u201csentido com\u00fan\u201d junto a la foto de&nbsp;<strong>Karina Milei<\/strong>, hermana del Presidente e integrante del Gobierno.<\/p>\n\n\n\n<p>\u201c<strong>Ganamos con Las Fuerzas del Cielo. Gan\u00f3 el bien<\/strong>\u201d, complet\u00f3 la voz en off, quien luego le dio paso a Milei para que exclame su frase caracter\u00edstica. \u201cD\u00edgalo Presidente\u201d, solicit\u00f3. Inmediatamente despu\u00e9s se escucha la voz de Milei gritando \u201c\u00a1Viva la libertad, carajo!\u201d.<\/p>\n","protected":false},"excerpt":{"rendered":"<p>El presidente public\u00f3 en sus redes social un resumen de los principales logros de su gesti\u00f3n, seg\u00fan la \u00f3ptica del partido que lidera.En la secuencia aparecen figuras importantes de su Gobierno y otras como Donald Trump y Elon Musk. Javier Milei&nbsp;comparti\u00f3 este lunes en sus redes sociales un video en el que&nbsp;La Libertad Avanza resumi\u00f3 [&hellip;]<\/p>\n","protected":false},"author":7,"featured_media":11365,"comment_status":"open","ping_status":"open","sticky":false,"template":"","format":"standard","meta":{"_themeisle_gutenberg_block_has_review":false,"footnotes":""},"categories":[6,35,33],"tags":[],"class_list":["post-11364","post","type-post","status-publish","format-standard","has-post-thumbnail","hentry","category-economia","category-pais","category-politica"],"_links":{"self":[{"href":"https:\/\/horapicodigital.com.ar\/index.php\/wp-json\/wp\/v2\/posts\/11364","targetHints":{"allow":["GET"]}}],"collection":[{"href":"https:\/\/horapicodigital.com.ar\/index.php\/wp-json\/wp\/v2\/posts"}],"about":[{"href":"https:\/\/horapicodigital.com.ar\/index.php\/wp-json\/wp\/v2\/types\/post"}],"author":[{"embeddable":true,"href":"https:\/\/horapicodigital.com.ar\/index.php\/wp-json\/wp\/v2\/users\/7"}],"replies":[{"embeddable":true,"href":"https:\/\/horapicodigital.com.ar\/index.php\/wp-json\/wp\/v2\/comments?post=11364"}],"version-history":[{"count":1,"href":"https:\/\/horapicodigital.com.ar\/index.php\/wp-json\/wp\/v2\/posts\/11364\/revisions"}],"predecessor-version":[{"id":11366,"href":"https:\/\/horapicodigital.com.ar\/index.php\/wp-json\/wp\/v2\/posts\/11364\/revisions\/11366"}],"wp:featuredmedia":[{"embeddable":true,"href":"https:\/\/horapicodigital.com.ar\/index.php\/wp-json\/wp\/v2\/media\/11365"}],"wp:attachment":[{"href":"https:\/\/horapicodigital.com.ar\/index.php\/wp-json\/wp\/v2\/media?parent=11364"}],"wp:term":[{"taxonomy":"category","embeddable":true,"href":"https:\/\/horapicodigital.com.ar\/index.php\/wp-json\/wp\/v2\/categories?post=11364"},{"taxonomy":"post_tag","embeddable":true,"href":"https:\/\/horapicodigital.com.ar\/index.php\/wp-json\/wp\/v2\/tags?post=11364"}],"curies":[{"name":"wp","href":"https:\/\/api.w.org\/{rel}","templated":true}]}}