{"id":11344,"date":"2024-12-07T07:47:14","date_gmt":"2024-12-07T10:47:14","guid":{"rendered":"https:\/\/horapicodigital.com.ar\/?p=11344"},"modified":"2024-12-07T07:47:20","modified_gmt":"2024-12-07T10:47:20","slug":"acuerdo-historico-entre-la-union-europea-y-mercosur","status":"publish","type":"post","link":"https:\/\/horapicodigital.com.ar\/index.php\/2024\/12\/07\/acuerdo-historico-entre-la-union-europea-y-mercosur\/","title":{"rendered":"Acuerdo hist\u00f3rico entre la Uni\u00f3n Europea y Mercosur"},"content":{"rendered":"\n<p>El Mercosur y la Uni\u00f3n Europea cerraron este viernes en Montevideo (Uruguay) el texto de un tratado de libre comercio despu\u00e9s de casi 25 a\u00f1os de negociaciones.<\/p>\n\n\n\n<p><\/p>\n\n\n\n<h2 class=\"wp-block-heading\">Milei propone flexibilizar el Mercosur para beneficiar a cada pa\u00eds<\/h2>\n\n\n\n<p>\u00abNuestra presidencia explorar\u00e1 un r\u00e9gimen de mayor flexibilidad y autonom\u00eda comercial para los integrantes del bloque, para que cada uno pueda entablar acuerdos comerciales que le resulten convenientes\u00bb, asegur\u00f3&nbsp;el el presidente de Argentina en Montevideo durante la 65 cumbre del Mercosur, al asumir la presidencia pro t\u00e9mpore del bloque&nbsp;hasta mediados del a\u00f1o pr\u00f3ximo.<\/p>\n\n\n\n<p>\u00abQue cada pa\u00eds pueda determinar hasta d\u00f3nde s\u00ed y hasta d\u00f3nde no, haci\u00e9ndose eco de las necesidades de su propia poblaci\u00f3n, entendiendo que el bloque se beneficia del beneficio de sus integrantes\u00bb, enfatiz\u00f3.<\/p>\n\n\n\n<h2 class=\"wp-block-heading\">Panam\u00e1 ingresa al Mercosur como Estado asociado<\/h2>\n\n\n\n<p>Panam\u00e1 formaliz\u00f3 su ingreso al Mercosur como Estado asociado, una categor\u00eda que no le da voz ni voto en el grupo, pero que acerca al bloque sure\u00f1o a un pa\u00eds clave en el comercio mundial.<\/p>\n\n\n\n<p>\u00abHoy hicimos historia. Panam\u00e1 es el primer pa\u00eds de Centroam\u00e9rica en unirse al Mercosur como Estado Asociado, conectando nuestra regi\u00f3n con un bloque de 271 millones de personas y $4.5 trillones en PIB\u00bb, celebr\u00f3 el presidente paname\u00f1o Jos\u00e9 Ra\u00fal Mulino en la red social X.<\/p>\n\n\n\n<p>\u00abNo es solo un acuerdo, es un compromiso con nuestra gente y con un futuro lleno de oportunidades. Hoy Panam\u00e1 lidera, une y avanza\u00bb, agreg\u00f3.<\/p>\n","protected":false},"excerpt":{"rendered":"<p>El Mercosur y la Uni\u00f3n Europea cerraron este viernes en Montevideo (Uruguay) el texto de un tratado de libre comercio despu\u00e9s de casi 25 a\u00f1os de negociaciones. Milei propone flexibilizar el Mercosur para beneficiar a cada pa\u00eds \u00abNuestra presidencia explorar\u00e1 un r\u00e9gimen de mayor flexibilidad y autonom\u00eda comercial para los integrantes del bloque, para que [&hellip;]<\/p>\n","protected":false},"author":7,"featured_media":11345,"comment_status":"open","ping_status":"open","sticky":false,"template":"","format":"standard","meta":{"_themeisle_gutenberg_block_has_review":false,"footnotes":""},"categories":[7,35],"tags":[],"class_list":["post-11344","post","type-post","status-publish","format-standard","has-post-thumbnail","hentry","category-mundo","category-pais"],"_links":{"self":[{"href":"https:\/\/horapicodigital.com.ar\/index.php\/wp-json\/wp\/v2\/posts\/11344","targetHints":{"allow":["GET"]}}],"collection":[{"href":"https:\/\/horapicodigital.com.ar\/index.php\/wp-json\/wp\/v2\/posts"}],"about":[{"href":"https:\/\/horapicodigital.com.ar\/index.php\/wp-json\/wp\/v2\/types\/post"}],"author":[{"embeddable":true,"href":"https:\/\/horapicodigital.com.ar\/index.php\/wp-json\/wp\/v2\/users\/7"}],"replies":[{"embeddable":true,"href":"https:\/\/horapicodigital.com.ar\/index.php\/wp-json\/wp\/v2\/comments?post=11344"}],"version-history":[{"count":1,"href":"https:\/\/horapicodigital.com.ar\/index.php\/wp-json\/wp\/v2\/posts\/11344\/revisions"}],"predecessor-version":[{"id":11346,"href":"https:\/\/horapicodigital.com.ar\/index.php\/wp-json\/wp\/v2\/posts\/11344\/revisions\/11346"}],"wp:featuredmedia":[{"embeddable":true,"href":"https:\/\/horapicodigital.com.ar\/index.php\/wp-json\/wp\/v2\/media\/11345"}],"wp:attachment":[{"href":"https:\/\/horapicodigital.com.ar\/index.php\/wp-json\/wp\/v2\/media?parent=11344"}],"wp:term":[{"taxonomy":"category","embeddable":true,"href":"https:\/\/horapicodigital.com.ar\/index.php\/wp-json\/wp\/v2\/categories?post=11344"},{"taxonomy":"post_tag","embeddable":true,"href":"https:\/\/horapicodigital.com.ar\/index.php\/wp-json\/wp\/v2\/tags?post=11344"}],"curies":[{"name":"wp","href":"https:\/\/api.w.org\/{rel}","templated":true}]}}