{"id":11339,"date":"2024-12-07T07:42:33","date_gmt":"2024-12-07T10:42:33","guid":{"rendered":"https:\/\/horapicodigital.com.ar\/?p=11339"},"modified":"2024-12-07T07:42:39","modified_gmt":"2024-12-07T10:42:39","slug":"agrupacion-fascio-celebra-el-69-aniversario-en-laasociacion-gaucha","status":"publish","type":"post","link":"https:\/\/horapicodigital.com.ar\/index.php\/2024\/12\/07\/agrupacion-fascio-celebra-el-69-aniversario-en-laasociacion-gaucha\/","title":{"rendered":"AGRUPACI\u00d3N FASCIO CELEBRA EL 69 \u00b0 ANIVERSARIO EN LAASOCIACI\u00d3N GAUCHA"},"content":{"rendered":"\n<p>La Agrupaci\u00f3n Gaucha \u00abCoronel Jos\u00e9 Mar\u00eda Fascio\u00bb del barrio Los Perales de San Salvador de Jujuy, celebrar\u00e1 el 69\u00b0 aniversario de su creaci\u00f3n con un encuentro de camarader\u00eda, a realizarse este s\u00e1bado en el predio de la Asociaci\u00f3n Gaucha de bajo Las Vi\u00f1a, desde las 12.<br>C\u00f3mo parte de los festejos se realizar\u00e1 tambi\u00e9n la proclamaci\u00f3n de la Paisana y mini paisana 2025, las que representar\u00e1n a la Agrupaci\u00f3n Fascio en todos los acentos del pr\u00f3ximo a\u00f1o.<\/p>\n\n\n\n<p>C\u00f3mo todos los a\u00f1os, participan tambi\u00e9n de la fiesta de aniversario, invitados especialmente, representantes de Centros, asociaciones y agrupaciones gauchas de la provincia, comento el presidente de la Fascio, Santiago Rueda .<br>Comento adem\u00e1s que durante los festejos, todos los presentes podr\u00e1n disfrutar de la actuaci\u00f3n de diversos grupos folcl\u00f3ricos y solistas , c\u00f3mo Est\u00e9s Quipildor, Alexander Cruz, Jorge Bustamante, Daniel Monje y La Banda Tentaci\u00f3n.<\/p>\n\n\n\n<p>Agrupaci\u00f3n Fascio<\/p>\n\n\n\n<p>Santiago Ruega, record\u00f3 que la Agrupaci\u00f3n fue creada el 06 de agosto de 1955 con el nombre \u201cLOS PERALES\u201d, pero el d\u00eda 18 de noviembre del mismo a\u00f1o adopta el nombre de CORONEL JOSE MARIA FASCIO.<\/p>\n\n\n\n<p>\u00abEs por esto que este a\u00f1o nuestra instituci\u00f3n cumple 69 a\u00f1os de existencia, 69 a\u00f1os de participaci\u00f3n en las Fiestas Tradicionales de nuestra provincia, y sobre todo, un largo recorrido defendiendo nuestras tradiciones y costumbres tan caracter\u00edsticas del gauchaje, siendo una de las Instituciones m\u00e1s antiguas de Jujuy en participar de desfiles, marchas, peregrinaciones y elecciones de paisanas tanto en la Provincia, como en otras fiestas del pa\u00eds\u00bb.<\/p>\n\n\n\n<p>Dijo que el trabajo que desarrolla junto a todos los socios de la Fascio se basan en la \u00abfirmesa de nuestras convicciones y principios\u00bb, remarcando que \u00abNo bajaremos los brazos para que nuestra Instituci\u00f3n siga en pie aportando a la revalorizaci\u00f3n del papel que tuvo el gaucho en la formaci\u00f3n de nuestra Patria\u00bb.<\/p>\n","protected":false},"excerpt":{"rendered":"<p>La Agrupaci\u00f3n Gaucha \u00abCoronel Jos\u00e9 Mar\u00eda Fascio\u00bb del barrio Los Perales de San Salvador de Jujuy, celebrar\u00e1 el 69\u00b0 aniversario de su creaci\u00f3n con un encuentro de camarader\u00eda, a realizarse este s\u00e1bado en el predio de la Asociaci\u00f3n Gaucha de bajo Las Vi\u00f1a, desde las 12.C\u00f3mo parte de los festejos se realizar\u00e1 tambi\u00e9n la proclamaci\u00f3n [&hellip;]<\/p>\n","protected":false},"author":7,"featured_media":11340,"comment_status":"open","ping_status":"open","sticky":false,"template":"","format":"standard","meta":{"_themeisle_gutenberg_block_has_review":false,"footnotes":""},"categories":[32],"tags":[],"class_list":["post-11339","post","type-post","status-publish","format-standard","has-post-thumbnail","hentry","category-locales"],"_links":{"self":[{"href":"https:\/\/horapicodigital.com.ar\/index.php\/wp-json\/wp\/v2\/posts\/11339","targetHints":{"allow":["GET"]}}],"collection":[{"href":"https:\/\/horapicodigital.com.ar\/index.php\/wp-json\/wp\/v2\/posts"}],"about":[{"href":"https:\/\/horapicodigital.com.ar\/index.php\/wp-json\/wp\/v2\/types\/post"}],"author":[{"embeddable":true,"href":"https:\/\/horapicodigital.com.ar\/index.php\/wp-json\/wp\/v2\/users\/7"}],"replies":[{"embeddable":true,"href":"https:\/\/horapicodigital.com.ar\/index.php\/wp-json\/wp\/v2\/comments?post=11339"}],"version-history":[{"count":1,"href":"https:\/\/horapicodigital.com.ar\/index.php\/wp-json\/wp\/v2\/posts\/11339\/revisions"}],"predecessor-version":[{"id":11341,"href":"https:\/\/horapicodigital.com.ar\/index.php\/wp-json\/wp\/v2\/posts\/11339\/revisions\/11341"}],"wp:featuredmedia":[{"embeddable":true,"href":"https:\/\/horapicodigital.com.ar\/index.php\/wp-json\/wp\/v2\/media\/11340"}],"wp:attachment":[{"href":"https:\/\/horapicodigital.com.ar\/index.php\/wp-json\/wp\/v2\/media?parent=11339"}],"wp:term":[{"taxonomy":"category","embeddable":true,"href":"https:\/\/horapicodigital.com.ar\/index.php\/wp-json\/wp\/v2\/categories?post=11339"},{"taxonomy":"post_tag","embeddable":true,"href":"https:\/\/horapicodigital.com.ar\/index.php\/wp-json\/wp\/v2\/tags?post=11339"}],"curies":[{"name":"wp","href":"https:\/\/api.w.org\/{rel}","templated":true}]}}