{"id":11334,"date":"2024-12-06T07:45:12","date_gmt":"2024-12-06T10:45:12","guid":{"rendered":"https:\/\/horapicodigital.com.ar\/?p=11334"},"modified":"2024-12-06T07:45:17","modified_gmt":"2024-12-06T10:45:17","slug":"aerolineas-cierra-sus-oficinas-en-jujuy-que-pasara-con-los-empleados","status":"publish","type":"post","link":"https:\/\/horapicodigital.com.ar\/index.php\/2024\/12\/06\/aerolineas-cierra-sus-oficinas-en-jujuy-que-pasara-con-los-empleados\/","title":{"rendered":"Aerol\u00edneas cierra sus oficinas en Jujuy: qu\u00e9 pasar\u00e1 con los empleados"},"content":{"rendered":"\n<p>Adem\u00e1s de Jujuy, tambi\u00e9n hay otras provincias afectadas por esta decisi\u00f3n que se llevar\u00e1 a cabo desde el 31 de diciembre.<\/p>\n\n\n\n<p>Este jueves,<strong><a href=\"https:\/\/www.todojujuy.com\/sin-los-votos-privatizar-aerolineas-el-gobierno-piensa-cerrar-la-empresa-n260529\" target=\"_blank\" rel=\"noreferrer noopener\">\u00a0Aerol\u00edneas Argentinas inform\u00f3 que cerrar\u00e1 sus oficinas comerciales\u00a0<\/a><\/strong>el 31 de diciembre en seis lugares del pa\u00eds:\u00a0<strong>El Calafate, Ushuaia, Chubut, R\u00edo Negro, Neuqu\u00e9n y Jujuy.<\/strong><\/p>\n\n\n\n<p>La decisi\u00f3n es parte de la estrategia de la compa\u00f1\u00eda \u00abde volverse m\u00e1s rentable de cara al a\u00f1o que viene, justo cuando el Gobierno buscar\u00e1 avanzar en los planes para privatizarla\u00bb.<\/p>\n\n\n\n<p><em><strong>Asimismo, informaron que no renovar\u00e1n el contrato en esos lugares pero que, no habr\u00e1 despidos, ya que los empleados de Aerol\u00edneas ser\u00e1n reubicados en otras \u00e1reas operativas, como lo son los aeropuertos.<\/strong><\/em><\/p>\n\n\n\n<p>El cambio en los h\u00e1bitos de consumo hizo que la venta presencial signifique hoy apenas el<strong>&nbsp;1%<\/strong>&nbsp;del total de los tickets emitidos por la compa\u00f1\u00eda, por lo que las sucursales f\u00edsicas ya no son un rasgo com\u00fan en la industria. Hoy, el principal canal de venta directa es la&nbsp;<strong>p\u00e1gina web.<\/strong><\/p>\n\n\n\n<p>Esta noticia llega en un momento en el que Aerol\u00edneas Argentinas est\u00e1 en busca de eficientizar su operaci\u00f3n, a la vez que quiere reducir el d\u00e9ficit operativo de la empresa ante la posibilidad de privatizaci\u00f3n, un plan en el que avanza el Gobierno.<\/p>\n\n\n\n<p>Si bien el mes pasado y luego de varios meses de negociaciones, paros encubiertos y caos en las terminales aeroportuarias, la empresa estatal lleg\u00f3 a un acuerdo con tres de los gremios aeron\u00e1uticos, las posibilidades de privatizar la compa\u00f1\u00eda a\u00e9rea se mantienen firmes.<\/p>\n\n\n\n<p><strong>\u00abO cierra o se privatiza\u00bb,&nbsp;<\/strong>fue la frase del presidente Javier Milei al respecto de la l\u00ednea a\u00e9rea de bandera. Sin embargo, para poder&nbsp;<strong>venderla,<\/strong>&nbsp;el Gobierno deber\u00e1 lograr el&nbsp;<strong>visto bueno del Congreso<\/strong>, algo que ya no fluy\u00f3 cuando intent\u00f3 impulsarlo a trav\u00e9s de la Ley de Bases.&nbsp;<strong>Cabe recordar que Aerol\u00edneas qued\u00f3 eliminada de la lista de empresas a privatizar.<\/strong><\/p>\n\n\n\n<p>Adem\u00e1s, en caso de que el Legislativo s\u00ed diera lugar a la opci\u00f3n de la venta,&nbsp;<strong>a\u00fan restar\u00eda definir qu\u00e9 tipo de condiciones se imponen.&nbsp;<\/strong>Lo que s\u00ed est\u00e1 definido es que el tema se tratar\u00e1 en el recinto el a\u00f1o que viene, lo que cambia los planes iniciales del Ejecutivo de incluirlo dentro de las extraordinarias.<\/p>\n","protected":false},"excerpt":{"rendered":"<p>Adem\u00e1s de Jujuy, tambi\u00e9n hay otras provincias afectadas por esta decisi\u00f3n que se llevar\u00e1 a cabo desde el 31 de diciembre. Este jueves,\u00a0Aerol\u00edneas Argentinas inform\u00f3 que cerrar\u00e1 sus oficinas comerciales\u00a0el 31 de diciembre en seis lugares del pa\u00eds:\u00a0El Calafate, Ushuaia, Chubut, R\u00edo Negro, Neuqu\u00e9n y Jujuy. La decisi\u00f3n es parte de la estrategia de la [&hellip;]<\/p>\n","protected":false},"author":7,"featured_media":11156,"comment_status":"open","ping_status":"open","sticky":false,"template":"","format":"standard","meta":{"_themeisle_gutenberg_block_has_review":false,"footnotes":""},"categories":[32],"tags":[],"class_list":["post-11334","post","type-post","status-publish","format-standard","has-post-thumbnail","hentry","category-locales"],"_links":{"self":[{"href":"https:\/\/horapicodigital.com.ar\/index.php\/wp-json\/wp\/v2\/posts\/11334","targetHints":{"allow":["GET"]}}],"collection":[{"href":"https:\/\/horapicodigital.com.ar\/index.php\/wp-json\/wp\/v2\/posts"}],"about":[{"href":"https:\/\/horapicodigital.com.ar\/index.php\/wp-json\/wp\/v2\/types\/post"}],"author":[{"embeddable":true,"href":"https:\/\/horapicodigital.com.ar\/index.php\/wp-json\/wp\/v2\/users\/7"}],"replies":[{"embeddable":true,"href":"https:\/\/horapicodigital.com.ar\/index.php\/wp-json\/wp\/v2\/comments?post=11334"}],"version-history":[{"count":1,"href":"https:\/\/horapicodigital.com.ar\/index.php\/wp-json\/wp\/v2\/posts\/11334\/revisions"}],"predecessor-version":[{"id":11335,"href":"https:\/\/horapicodigital.com.ar\/index.php\/wp-json\/wp\/v2\/posts\/11334\/revisions\/11335"}],"wp:featuredmedia":[{"embeddable":true,"href":"https:\/\/horapicodigital.com.ar\/index.php\/wp-json\/wp\/v2\/media\/11156"}],"wp:attachment":[{"href":"https:\/\/horapicodigital.com.ar\/index.php\/wp-json\/wp\/v2\/media?parent=11334"}],"wp:term":[{"taxonomy":"category","embeddable":true,"href":"https:\/\/horapicodigital.com.ar\/index.php\/wp-json\/wp\/v2\/categories?post=11334"},{"taxonomy":"post_tag","embeddable":true,"href":"https:\/\/horapicodigital.com.ar\/index.php\/wp-json\/wp\/v2\/tags?post=11334"}],"curies":[{"name":"wp","href":"https:\/\/api.w.org\/{rel}","templated":true}]}}