{"id":11270,"date":"2024-12-04T07:10:24","date_gmt":"2024-12-04T10:10:24","guid":{"rendered":"https:\/\/horapicodigital.com.ar\/?p=11270"},"modified":"2024-12-04T07:10:30","modified_gmt":"2024-12-04T10:10:30","slug":"jujuy-sede-del-54parlamento-del-norte-grande","status":"publish","type":"post","link":"https:\/\/horapicodigital.com.ar\/index.php\/2024\/12\/04\/jujuy-sede-del-54parlamento-del-norte-grande\/","title":{"rendered":"JUJUY SEDE DEL 54\u00b0PARLAMENTO DEL NORTE GRANDE"},"content":{"rendered":"\n<p>En la tarde de este martes, parlamentarios dieron inicio al 54\u00b0 Parlamento del Norte Grande con trabajos en las comisiones ordinarias, para aprobar los temas a abordar en la sesi\u00f3n plenaria del mi\u00e9rcoles.<\/p>\n\n\n<div class=\"wp-block-image\">\n<figure class=\"aligncenter size-full\"><img loading=\"lazy\" decoding=\"async\" width=\"720\" height=\"474\" src=\"https:\/\/horapicodigital.com.ar\/wp-content\/uploads\/2024\/12\/WhatsApp-Image-2024-12-03-at-5.55.15-PM.jpeg\" alt=\"\" class=\"wp-image-11272\" srcset=\"https:\/\/horapicodigital.com.ar\/wp-content\/uploads\/2024\/12\/WhatsApp-Image-2024-12-03-at-5.55.15-PM.jpeg 720w, https:\/\/horapicodigital.com.ar\/wp-content\/uploads\/2024\/12\/WhatsApp-Image-2024-12-03-at-5.55.15-PM-300x198.jpeg 300w\" sizes=\"auto, (max-width: 720px) 100vw, 720px\" \/><\/figure>\n<\/div>\n\n\n<p>Por la provincia de Jujuy participan el vicegobernador y presidente de la Legislatura Alberto Bernis, el secretario parlamentario Mart\u00edn Luque, y los diputados y diputadas Malena Amerise, Pedro Beliz\u00e1n, Humberto Garc\u00eda, Valeria G\u00f3mez, Natalia Guevara, Omar Guti\u00e9rrez, Carlos Haquim, Santiago Jubert, Adriano Morone, Juan Ortega, Mariela Ortiz, Hilda Prolongo, Rub\u00e9n Rivarola, Claudia S\u00e1nchez Cantaberta , y Daniela V\u00e9lez.<\/p>\n\n\n\n<p>Para el mi\u00e9rcoles est\u00e1 previsto que se lleve a cabo la sesi\u00f3n plenaria, \u00e1mbito donde se buscar\u00e1n aprobar las iniciativas que fueron debatidas en las comisiones permanentes, tendientes al desarrollo e integraci\u00f3n de las 10 provincias que conforman el Parlamento del Norte Grande.<\/p>\n","protected":false},"excerpt":{"rendered":"<p>En la tarde de este martes, parlamentarios dieron inicio al 54\u00b0 Parlamento del Norte Grande con trabajos en las comisiones ordinarias, para aprobar los temas a abordar en la sesi\u00f3n plenaria del mi\u00e9rcoles. Por la provincia de Jujuy participan el vicegobernador y presidente de la Legislatura Alberto Bernis, el secretario parlamentario Mart\u00edn Luque, y los [&hellip;]<\/p>\n","protected":false},"author":7,"featured_media":11271,"comment_status":"open","ping_status":"open","sticky":false,"template":"","format":"standard","meta":{"_themeisle_gutenberg_block_has_review":false,"footnotes":""},"categories":[81,32],"tags":[],"class_list":["post-11270","post","type-post","status-publish","format-standard","has-post-thumbnail","hentry","category-general","category-locales"],"_links":{"self":[{"href":"https:\/\/horapicodigital.com.ar\/index.php\/wp-json\/wp\/v2\/posts\/11270","targetHints":{"allow":["GET"]}}],"collection":[{"href":"https:\/\/horapicodigital.com.ar\/index.php\/wp-json\/wp\/v2\/posts"}],"about":[{"href":"https:\/\/horapicodigital.com.ar\/index.php\/wp-json\/wp\/v2\/types\/post"}],"author":[{"embeddable":true,"href":"https:\/\/horapicodigital.com.ar\/index.php\/wp-json\/wp\/v2\/users\/7"}],"replies":[{"embeddable":true,"href":"https:\/\/horapicodigital.com.ar\/index.php\/wp-json\/wp\/v2\/comments?post=11270"}],"version-history":[{"count":1,"href":"https:\/\/horapicodigital.com.ar\/index.php\/wp-json\/wp\/v2\/posts\/11270\/revisions"}],"predecessor-version":[{"id":11273,"href":"https:\/\/horapicodigital.com.ar\/index.php\/wp-json\/wp\/v2\/posts\/11270\/revisions\/11273"}],"wp:featuredmedia":[{"embeddable":true,"href":"https:\/\/horapicodigital.com.ar\/index.php\/wp-json\/wp\/v2\/media\/11271"}],"wp:attachment":[{"href":"https:\/\/horapicodigital.com.ar\/index.php\/wp-json\/wp\/v2\/media?parent=11270"}],"wp:term":[{"taxonomy":"category","embeddable":true,"href":"https:\/\/horapicodigital.com.ar\/index.php\/wp-json\/wp\/v2\/categories?post=11270"},{"taxonomy":"post_tag","embeddable":true,"href":"https:\/\/horapicodigital.com.ar\/index.php\/wp-json\/wp\/v2\/tags?post=11270"}],"curies":[{"name":"wp","href":"https:\/\/api.w.org\/{rel}","templated":true}]}}