{"id":11244,"date":"2024-12-03T06:48:35","date_gmt":"2024-12-03T09:48:35","guid":{"rendered":"https:\/\/horapicodigital.com.ar\/?p=11244"},"modified":"2024-12-03T06:48:41","modified_gmt":"2024-12-03T09:48:41","slug":"dolar-futuro-el-mercado-no-espera-un-salto-del-precio-ni-antes-ni-despues-de-las-elecciones-de-2025","status":"publish","type":"post","link":"https:\/\/horapicodigital.com.ar\/index.php\/2024\/12\/03\/dolar-futuro-el-mercado-no-espera-un-salto-del-precio-ni-antes-ni-despues-de-las-elecciones-de-2025\/","title":{"rendered":"D\u00f3lar futuro: el mercado no espera un salto del precio ni antes ni despu\u00e9s de las elecciones de 2025"},"content":{"rendered":"\n<p>Se cerraron ayer los primeros contratos a plazo con vencimiento posterior a las elecciones legislativas a cotizaciones que marcan que no hay incertidumbre respecto de una devaluaci\u00f3n brusca a pesar de la expectativa de unificaci\u00f3n cambiaria para esa fecha.<\/p>\n\n\n\n<p>El buen tono del mercado\u00a0sum\u00f3 hoy un dato adicional: la cotizaci\u00f3n del d\u00f3lar futuro a noviembre de 2025, cuya operaci\u00f3n qued\u00f3 inaugurada con el inicio del mes, tambi\u00e9n reflej\u00f3 el optimismo de los operadores del mercado respecto de la estabilidad cambiaria. No es un detalle menor: se trata de los primeros contratos cerrados con fecha posterior a las elecciones de octubre del pr\u00f3ximo a\u00f1o y que, seg\u00fan los analistas, tienen impl\u00edcita la presunci\u00f3n de unificaci\u00f3n cambiaria para esa fecha. En ese marco, lo m\u00e1s destacable es que el mercado no espera ning\u00fan evento disruptivo en el tipo de cambio. El precio de $1.276 en torno al cual se operaron los contratos a noviembre de 2025 indican, claramente, que no est\u00e1 en las expectativas un salto del d\u00f3lar en los pr\u00f3ximos 12 meses.<\/p>\n\n\n\n<p>\u201cEl dato relevante es que de agosto a noviembre es el per\u00edodo marcado por las elecciones: pre y post. La variaci\u00f3n del valor es de un 3,5% mensual, lo que significa que el mercado hoy est\u00e1 viendo que, si hay unificaci\u00f3n cambiaria post elecciones, el salto no deber\u00eda superar 7 por ciento\u201d, aport\u00f3\u00a0<strong>Cristian Gardel<\/strong>, de Gardel Trading, quien precis\u00f3 que para septiembre, el mes anterior a las elecciones, la cotizaci\u00f3n cerr\u00f3 levemente por encima de los $1.200. \u201cHoy (por ayer) se oper\u00f3 por primera vez en noviembre, con una posici\u00f3n que qued\u00f3 abierta por USD 1 mill\u00f3n, lo que no es un monto menor\u201d, agreg\u00f3.<\/p>\n\n\n\n<p>Existe una interpretaci\u00f3n adicional a la evoluci\u00f3n de las cotizaciones del d\u00f3lar futuro, ya que si se toma la variaci\u00f3n diciembre-noviembre, la suba acumulada no alcanza 25%, es decir, no llega a 2% mensual, lo que significa que el mercado no duda de las afirmaciones del presidente<strong>\u00a0Javier Milei\u00a0<\/strong>respecto del ritmo de devaluaci\u00f3n.<\/p>\n\n\n\n<p>\u201cSi le restamos la inflaci\u00f3n inducida (devaluaci\u00f3n prefijada + la inflaci\u00f3n internacional), la inflaci\u00f3n monetaria viene viajando al 0,2% mensual, esto es, 2,4% anual. De confirmarse dos meses m\u00e1s esta inflaci\u00f3n se bajar\u00e1 la devaluaci\u00f3n mensual al 1%\u201d, dijo el Presidente en su cuenta de\u00a0<strong>X<\/strong>, a mediados del mes pasado, cuando se conoci\u00f3 el IPC de octubre. Por esa misma fecha, desde el Banco Central explicaban que el ritmo de devaluaci\u00f3n, que funcion\u00f3 como un ancla en el inicio del plan de estabilizaci\u00f3n, ahora se convirti\u00f3 en un factor de inercia inflacionaria.<\/p>\n\n\n\n<p>A los pocos d\u00edas de esos dichos, a los que se sum\u00f3 la contundente definici\u00f3n del ministro de Econom\u00eda,\u00a0<strong>Luis Caputo<\/strong>, respecto del cepo \u2013\u201del cepo se levanta en alg\u00fan momento de 2025\u2033\u2013, el mercado de futuros corrigi\u00f3 levemente su expectativa de devaluaci\u00f3n para acomodarla a los nuevos planes comunicados por el Gobierno y llev\u00f3 el ritmo de suba del d\u00f3lar esperado en los primeros meses del pr\u00f3ximo por debajo del 2% mensual todav\u00eda vigente.<\/p>\n\n\n\n<p>Las pr\u00e1cticamente nulas expectativas de devaluaci\u00f3n tienen un s\u00f3lido fundamento en la reducci\u00f3n de la brecha cambiaria, en m\u00ednimos desde que asumi\u00f3 la nueva gesti\u00f3n econ\u00f3mica de Milei. El d\u00f3lar financiero se ubic\u00f3 ayer por debajo de los $1.100, piso que tambi\u00e9n toc\u00f3 el d\u00f3lar libre, lo que implica una brecha de apenas 8,4% con el tipo de cambio oficial.<\/p>\n\n\n\n<p>Esa convergencia en ciernes tiene una implicancia para nada menor: el \u201cd\u00f3lar&nbsp;<em>blend<\/em>\u201d, por el que se apunta a mejorarles el tipo de cambio a los exportadores al permitirles liquidar 20% de sus ventas en el segmento financiero, deja de tener atractivo. Esto porque la diferencia entre el tipo de cambio oficial de $1012 (mayorista) y el \u201cd\u00f3lar exportador\u201d es de 1,7%, ya que, al cierre de ayer, el&nbsp;<em>blend&nbsp;<\/em>cotiza a 1.029 pesos.<\/p>\n\n\n\n<p>\u201cSi ma\u00f1ana se disparara a $1.500 el CCL, la mejora para los exportadores ser\u00eda de apenas 5%\u201d, destac\u00f3 el analista&nbsp;<strong>Am\u00edlcar Collante<\/strong>&nbsp;quien plante\u00f3 qu\u00e9 sentido tiene que 20% de los d\u00f3lares que ingresan no lo hagan a trav\u00e9s del Banco Central.<\/p>\n\n\n\n<p><\/p>\n","protected":false},"excerpt":{"rendered":"<p>Se cerraron ayer los primeros contratos a plazo con vencimiento posterior a las elecciones legislativas a cotizaciones que marcan que no hay incertidumbre respecto de una devaluaci\u00f3n brusca a pesar de la expectativa de unificaci\u00f3n cambiaria para esa fecha. El buen tono del mercado\u00a0sum\u00f3 hoy un dato adicional: la cotizaci\u00f3n del d\u00f3lar futuro a noviembre [&hellip;]<\/p>\n","protected":false},"author":7,"featured_media":11245,"comment_status":"open","ping_status":"open","sticky":false,"template":"","format":"standard","meta":{"_themeisle_gutenberg_block_has_review":false,"footnotes":""},"categories":[6,35],"tags":[],"class_list":["post-11244","post","type-post","status-publish","format-standard","has-post-thumbnail","hentry","category-economia","category-pais"],"_links":{"self":[{"href":"https:\/\/horapicodigital.com.ar\/index.php\/wp-json\/wp\/v2\/posts\/11244","targetHints":{"allow":["GET"]}}],"collection":[{"href":"https:\/\/horapicodigital.com.ar\/index.php\/wp-json\/wp\/v2\/posts"}],"about":[{"href":"https:\/\/horapicodigital.com.ar\/index.php\/wp-json\/wp\/v2\/types\/post"}],"author":[{"embeddable":true,"href":"https:\/\/horapicodigital.com.ar\/index.php\/wp-json\/wp\/v2\/users\/7"}],"replies":[{"embeddable":true,"href":"https:\/\/horapicodigital.com.ar\/index.php\/wp-json\/wp\/v2\/comments?post=11244"}],"version-history":[{"count":1,"href":"https:\/\/horapicodigital.com.ar\/index.php\/wp-json\/wp\/v2\/posts\/11244\/revisions"}],"predecessor-version":[{"id":11246,"href":"https:\/\/horapicodigital.com.ar\/index.php\/wp-json\/wp\/v2\/posts\/11244\/revisions\/11246"}],"wp:featuredmedia":[{"embeddable":true,"href":"https:\/\/horapicodigital.com.ar\/index.php\/wp-json\/wp\/v2\/media\/11245"}],"wp:attachment":[{"href":"https:\/\/horapicodigital.com.ar\/index.php\/wp-json\/wp\/v2\/media?parent=11244"}],"wp:term":[{"taxonomy":"category","embeddable":true,"href":"https:\/\/horapicodigital.com.ar\/index.php\/wp-json\/wp\/v2\/categories?post=11244"},{"taxonomy":"post_tag","embeddable":true,"href":"https:\/\/horapicodigital.com.ar\/index.php\/wp-json\/wp\/v2\/tags?post=11244"}],"curies":[{"name":"wp","href":"https:\/\/api.w.org\/{rel}","templated":true}]}}