{"id":11116,"date":"2024-11-27T08:33:42","date_gmt":"2024-11-27T11:33:42","guid":{"rendered":"https:\/\/horapicodigital.com.ar\/?p=11116"},"modified":"2024-11-27T08:33:48","modified_gmt":"2024-11-27T11:33:48","slug":"sadir-convoco-a-industriales-de-todo-el-pais-a-invertir-en-jujuy","status":"publish","type":"post","link":"https:\/\/horapicodigital.com.ar\/index.php\/2024\/11\/27\/sadir-convoco-a-industriales-de-todo-el-pais-a-invertir-en-jujuy\/","title":{"rendered":"Sadir convoc\u00f3 a industriales de todo el pa\u00eds a invertir en Jujuy"},"content":{"rendered":"\n<p>El gobernador de la Provincia, Carlos Sadir, disert\u00f3 en la 30\u00b0 Conferencia Anual de la Uni\u00f3n Industrial Argentina (UIA), oportunidad en la cual expuso el potencial y la realidad de las actividades econ\u00f3micas sostenibles que impulsan el desarrollo integral de Jujuy.<\/p>\n\n\n\n<p>En este escenario, invit\u00f3 al sector privado a \u201cconocer Jujuy e invertir\u201d, aprovechando las amplias posibilidades que la provincia ofrece en potencial, incentivos y devoluci\u00f3n de carga impositiva.<\/p>\n\n\n\n<p>El mandatario juje\u00f1o comparti\u00f3 dicho espacio con sus pares de C\u00f3rdoba, Mart\u00edn Llaryora; de Santa Fe, Maximiliano Pullaro; y de San Juan, Marcelo Orrego; y enfatiz\u00f3 que en el interior del pa\u00eds \u201cest\u00e1 el motor productivo que necesita la Rep\u00fablica Argentina para construir el futuro que so\u00f1amos y merecemos\u201d.<\/p>\n\n\n\n<p>Asimismo, puntualiz\u00f3 que Jujuy es una jurisdicci\u00f3n administrada bajo un \u201cs\u00f3lido modelo de equilibrio fiscal\u201d y \u201ccondiciones de competitividad\u201d, que constituyen un fuerte atractivo para \u201clas inversiones privadas que generan trabajo y afianzan nuestra econom\u00eda\u201d.<\/p>\n\n\n\n<p>\u201cPara ello contamos con infraestructura y proveedores que respaldan nuestro crecimiento\u201d, asever\u00f3 y puntualiz\u00f3 que \u201cdesde el Norte Argentino nos consolidamos como un polo de desarrollo empresarial e industrial\u201d.<\/p>\n\n\n\n<p>Al abordar el escenario lit\u00edfero, recalc\u00f3 que \u201cJujuy es la provincia que m\u00e1s litio exporta\u201d e hizo alusi\u00f3n a la infraestructura estrat\u00e9gica de transporte y comunicaci\u00f3n que posee la provincia. \u201cEn este campo se trabaja sin pausa\u201d, coment\u00f3, y afirm\u00f3 que \u201cde las provincias mineras productores de litio, Jujuy es la que mejor infraestructura tiene, ya que se puede llegar a los yacimientos a trav\u00e9s de rutas pavimentadas\u201d.<\/p>\n\n\n\n<p>Enlaz\u00f3 esta actividad, con los parques industriales que contienen a los cl\u00faster mineros especializados que cubren la demanda de servicios y log\u00edstica para la regi\u00f3n. \u201cMuchos de ellos son de las mismas comunidades en las que se instalan las empresas mineras, los cuales crecen y se especializan a la par de los proyectos de miner\u00eda\u201d, recalc\u00f3 y puso en relieve que \u201cesto se complementa con recursos humanos competitivos, formados a trav\u00e9s de programas especiales de educaci\u00f3n y capacitaci\u00f3n en todos los niveles\u201d.<\/p>\n\n\n\n<p>Record\u00f3 que Jujuy est\u00e1 adherida al R\u00e9gimen de Incentivo para Grandes Inversiones y, al respecto, puntualiz\u00f3 que \u201cson muchas las empresas que est\u00e1n explorando en territorio\u201d, raz\u00f3n por la cual \u201cse prev\u00e9 que el a\u00f1o pr\u00f3ximo se presentar\u00e1n de tres a cuatro proyectos mineros con RIGI que es una herramienta de suma importancia para lo que viene\u201d.<\/p>\n\n\n\n<p>En otro tramo de su ponencia, Sadir indic\u00f3 que Jujuy cuenta con una variada matriz productiva, con actividades tradicionales, como el tabaco, el turismo, las legumbres y el az\u00facar; y ahora otras innovadoras, tales como el litio, las energ\u00edas renovables y el cannabis con fines cient\u00edficos y medicinales.<\/p>\n\n\n\n<p>En este marco, explic\u00f3 que la miner\u00eda \u201cexperiment\u00f3 un cambio significativo\u201d, ya que \u201cahora Jujuy propende a un modelo sustentable, anteponiendo a todo inter\u00e9s la decisi\u00f3n de preservar el planeta\u201d.<\/p>\n\n\n\n<p>En materia energ\u00e9tica, se\u00f1al\u00f3 que \u201capostamos a las fuentes limpias, con la mayor planta de energ\u00eda solar de Sudam\u00e9rica que hoy cuenta con una capacidad de producci\u00f3n de 300 Mw y est\u00e1 listo el proyecto de ampliaci\u00f3n a 500 Mw, para inyectar al sistema nacional de interconexi\u00f3n\u201d.<\/p>\n\n\n\n<p>Detall\u00f3 que, en simult\u00e1neo, se avanza con un programa de generaci\u00f3n distribuida de energ\u00eda solar, con plantas fotovoltaicas distribuidas en diversos puntos de la geograf\u00eda juje\u00f1a y con flujos de electricidad que son destinados al consumo local. \u201cEste modelo abre la participaci\u00f3n a la inversi\u00f3n privada y se alcanz\u00f3 48 Mw de energ\u00eda renovable que se negocia directamente con EJESA\u201d, puntualiz\u00f3.<\/p>\n\n\n\n<p>Respecto del Corredor Bioce\u00e1nico Capricornio, consider\u00f3 que es \u201cclave en la relaci\u00f3n comercial y cultural que podemos cultivar con pa\u00edses lejanos de Asia\u201d.<\/p>\n\n\n\n<p>\u201cPara eso trabajamos muy fuerte desde Jujuy, convencidos de que esto puede ser muy importante para el futuro de la regi\u00f3n\u201d, agreg\u00f3.<\/p>\n\n\n\n<p>En otro orden, hizo especial referencia a \u201clos progresos del cannabis medicinal\u201d, los cuales \u201cllevaron a Jujuy a un sitial de liderazgo\u201d.<\/p>\n\n\n\n<p>\u201cNo solo se comercializa el aceite de cannabis medicinal de grado Pharma en la Rep\u00fablica Argentina, sino que tambi\u00e9n se exporta flor de cannabis de grado farmac\u00e9utico\u201d, subray\u00f3.<\/p>\n\n\n\n<p>Asimismo, cit\u00f3 las amplias ventajas que representa la Ley Provincial de Promoci\u00f3n de Inversiones, que reintegra impuestos; y el recientemente sancionado marco legal que alienta al desarrollo urbano con iniciativa p\u00fablico-privada, enfocada en la construcci\u00f3n.<\/p>\n\n\n\n<p>Respecto de actuales y futuros desaf\u00edos, el gobernador dijo que \u201cno es f\u00e1cil ser empresario en Argentina, sin embargo tenemos una gran oportunidad de hacer un pa\u00eds grande y no podemos desaprovecharla\u201d.<\/p>\n\n\n\n<p>\u201cLos gobiernos provinciales estamos para colaborar, no solo con los empresarios e industriales, sino tambi\u00e9n con el gobierno nacional, porque el esfuerzo compartido es el camino a seguir\u201d, reflexion\u00f3 finalmente.<\/p>\n","protected":false},"excerpt":{"rendered":"<p>El gobernador de la Provincia, Carlos Sadir, disert\u00f3 en la 30\u00b0 Conferencia Anual de la Uni\u00f3n Industrial Argentina (UIA), oportunidad en la cual expuso el potencial y la realidad de las actividades econ\u00f3micas sostenibles que impulsan el desarrollo integral de Jujuy. En este escenario, invit\u00f3 al sector privado a \u201cconocer Jujuy e invertir\u201d, aprovechando las [&hellip;]<\/p>\n","protected":false},"author":7,"featured_media":11117,"comment_status":"open","ping_status":"open","sticky":false,"template":"","format":"standard","meta":{"_themeisle_gutenberg_block_has_review":false,"footnotes":""},"categories":[32],"tags":[],"class_list":["post-11116","post","type-post","status-publish","format-standard","has-post-thumbnail","hentry","category-locales"],"_links":{"self":[{"href":"https:\/\/horapicodigital.com.ar\/index.php\/wp-json\/wp\/v2\/posts\/11116","targetHints":{"allow":["GET"]}}],"collection":[{"href":"https:\/\/horapicodigital.com.ar\/index.php\/wp-json\/wp\/v2\/posts"}],"about":[{"href":"https:\/\/horapicodigital.com.ar\/index.php\/wp-json\/wp\/v2\/types\/post"}],"author":[{"embeddable":true,"href":"https:\/\/horapicodigital.com.ar\/index.php\/wp-json\/wp\/v2\/users\/7"}],"replies":[{"embeddable":true,"href":"https:\/\/horapicodigital.com.ar\/index.php\/wp-json\/wp\/v2\/comments?post=11116"}],"version-history":[{"count":1,"href":"https:\/\/horapicodigital.com.ar\/index.php\/wp-json\/wp\/v2\/posts\/11116\/revisions"}],"predecessor-version":[{"id":11118,"href":"https:\/\/horapicodigital.com.ar\/index.php\/wp-json\/wp\/v2\/posts\/11116\/revisions\/11118"}],"wp:featuredmedia":[{"embeddable":true,"href":"https:\/\/horapicodigital.com.ar\/index.php\/wp-json\/wp\/v2\/media\/11117"}],"wp:attachment":[{"href":"https:\/\/horapicodigital.com.ar\/index.php\/wp-json\/wp\/v2\/media?parent=11116"}],"wp:term":[{"taxonomy":"category","embeddable":true,"href":"https:\/\/horapicodigital.com.ar\/index.php\/wp-json\/wp\/v2\/categories?post=11116"},{"taxonomy":"post_tag","embeddable":true,"href":"https:\/\/horapicodigital.com.ar\/index.php\/wp-json\/wp\/v2\/tags?post=11116"}],"curies":[{"name":"wp","href":"https:\/\/api.w.org\/{rel}","templated":true}]}}