{"id":11113,"date":"2024-11-27T08:32:03","date_gmt":"2024-11-27T11:32:03","guid":{"rendered":"https:\/\/horapicodigital.com.ar\/?p=11113"},"modified":"2024-11-27T08:32:09","modified_gmt":"2024-11-27T11:32:09","slug":"denuncian-supuesto-caso-de-abuso-en-una-escuela-de-jujuy","status":"publish","type":"post","link":"https:\/\/horapicodigital.com.ar\/index.php\/2024\/11\/27\/denuncian-supuesto-caso-de-abuso-en-una-escuela-de-jujuy\/","title":{"rendered":"Denuncian supuesto caso de abuso en una escuela de Jujuy"},"content":{"rendered":"\n<p>Trabajan para esclarecer los hechos denunciados en una escuela de San Salvador de Jujuy. Ya se activaron los protocolos.<\/p>\n\n\n\n<p><strong>Preocupaci\u00f3n en familiares de chicos de la escuela Juanita Stevens tras una denuncia de abuso contra un alumno.<\/strong>\u00a0El hecho habr\u00eda salido a la luz en las \u00faltimas horas, generando gran alarma. Ya se activaron los protocolos desde las autoridades del establecimiento y el Ministerio de Educaci\u00f3n.<\/p>\n\n\n\n<p>\u201cNos enteramos anoche. Una persona que trabaja en un kiosco dentro del establecimiento habr\u00eda abusado de un chico. Estamos pidiendo explicaciones y m\u00e1s detalles\u201d, expres\u00f3 una madre.<\/p>\n\n\n\n<h2 class=\"wp-block-heading\">La respuesta de las autoridades escolares<\/h2>\n\n\n\n<p><a href=\"https:\/\/www.todojujuy.com\/abuso-a3977\" target=\"_blank\" rel=\"noreferrer noopener\"><strong>La directora de la instituci\u00f3n, Mar\u00eda Jos\u00e9 Landa, asegur\u00f3 que, al tomar conocimiento de la denuncia, se activaron los protocolos correspondientes<\/strong><\/a>. \u201cSe hicieron todas las actuaciones necesarias: las denuncias ante la Polic\u00eda, el labrado de actas y la comunicaci\u00f3n a las autoridades del Ministerio. Para tranquilidad de los pap\u00e1s, se solicit\u00f3 un servicio de custodia policial que estar\u00e1 presente para asegurar el normal desenvolvimiento de las clases\u201d, explic\u00f3.<\/p>\n\n\n\n<p>Asimismo, destac\u00f3 que la Justicia ser\u00e1 la encargada de determinar los hechos y las responsabilidades. \u201cNosotros actuamos sobre denuncias reales, labramos el acta y pusimos la denuncia en manos de la Polic\u00eda. Est\u00e1 todo en investigaci\u00f3n\u201d, a\u00f1adi\u00f3.<\/p>\n\n\n\n<h2 class=\"wp-block-heading\">Medidas del Ministerio de Educaci\u00f3n<\/h2>\n\n\n\n<p><strong>Desde el Ministerio de Educaci\u00f3n, el director de nivel primario, Miguel Pe\u00f1aloza, confirm\u00f3 que se activ\u00f3 el protocolo correspondiente y que se est\u00e1 trabajando con todas las partes involucradas<\/strong>. \u201cLos padres hicieron las denuncias pertinentes y empez\u00f3 el trabajo de directivos, supervisores y dem\u00e1s. Se est\u00e1 determinando la responsabilidad de los distintos actores\u201d, afirm\u00f3.<\/p>\n\n\n\n<p>Pe\u00f1aloza tambi\u00e9n indic\u00f3 que \u201cse les da voz a todas las personas involucradas. Est\u00e1 aclarada gran parte de la investigaci\u00f3n. Los chicos contin\u00faan normalmente con las clases, y los pap\u00e1s est\u00e1n m\u00e1s tranquilos con las medidas que se tomaron\u201d. El funcionario destac\u00f3 que el establecimiento educativo sigue funcionando bajo estrictas medidas de seguridad.<\/p>\n\n\n\n<h2 class=\"wp-block-heading\">La importancia de escuchar a los menores<\/h2>\n\n\n\n<p>La directora del establecimiento insisti\u00f3 en la necesidad de que los padres est\u00e9n atentos a cualquier se\u00f1al que pueda surgir de sus hijos. \u201cTienen que escuchar a sus ni\u00f1os, no cuestionarlos y hacerles caso. En caso de detectar algo, realizar la denuncia de inmediato\u201d, recomend\u00f3.<\/p>\n\n\n\n<p>Por ahora, la investigaci\u00f3n contin\u00faa en manos de la Justicia, que deber\u00e1 determinar las responsabilidades del caso. Mientras tanto, la actividad escolar sigue bajo supervisi\u00f3n policial y medidas reforzadas para brindar tranquilidad a la comunidad educativa.<\/p>\n\n\n\n<h2 class=\"wp-block-heading\">C\u00f3mo denunciar vulneraci\u00f3n de derechos<\/h2>\n\n\n\n<p><strong>La L\u00ednea 102 es un servicio telef\u00f3nico gratuito de atenci\u00f3n p\u00fablica y permanente para recepcionar consultas, informaci\u00f3n y\/o notificaciones sobre situaciones de vulneraci\u00f3n de derechos de ni\u00f1os, ni\u00f1as y adolescentes<\/strong>. Atiende las 24 horas del d\u00eda, los 365 d\u00edas del a\u00f1o. La misma est\u00e1 en funcionamiento desde el a\u00f1o 2007 a la actualidad.<\/p>\n","protected":false},"excerpt":{"rendered":"<p>Trabajan para esclarecer los hechos denunciados en una escuela de San Salvador de Jujuy. Ya se activaron los protocolos. Preocupaci\u00f3n en familiares de chicos de la escuela Juanita Stevens tras una denuncia de abuso contra un alumno.\u00a0El hecho habr\u00eda salido a la luz en las \u00faltimas horas, generando gran alarma. Ya se activaron los protocolos [&hellip;]<\/p>\n","protected":false},"author":7,"featured_media":10786,"comment_status":"open","ping_status":"open","sticky":false,"template":"","format":"standard","meta":{"_themeisle_gutenberg_block_has_review":false,"footnotes":""},"categories":[32,34],"tags":[],"class_list":["post-11113","post","type-post","status-publish","format-standard","has-post-thumbnail","hentry","category-locales","category-policiales"],"_links":{"self":[{"href":"https:\/\/horapicodigital.com.ar\/index.php\/wp-json\/wp\/v2\/posts\/11113","targetHints":{"allow":["GET"]}}],"collection":[{"href":"https:\/\/horapicodigital.com.ar\/index.php\/wp-json\/wp\/v2\/posts"}],"about":[{"href":"https:\/\/horapicodigital.com.ar\/index.php\/wp-json\/wp\/v2\/types\/post"}],"author":[{"embeddable":true,"href":"https:\/\/horapicodigital.com.ar\/index.php\/wp-json\/wp\/v2\/users\/7"}],"replies":[{"embeddable":true,"href":"https:\/\/horapicodigital.com.ar\/index.php\/wp-json\/wp\/v2\/comments?post=11113"}],"version-history":[{"count":1,"href":"https:\/\/horapicodigital.com.ar\/index.php\/wp-json\/wp\/v2\/posts\/11113\/revisions"}],"predecessor-version":[{"id":11114,"href":"https:\/\/horapicodigital.com.ar\/index.php\/wp-json\/wp\/v2\/posts\/11113\/revisions\/11114"}],"wp:featuredmedia":[{"embeddable":true,"href":"https:\/\/horapicodigital.com.ar\/index.php\/wp-json\/wp\/v2\/media\/10786"}],"wp:attachment":[{"href":"https:\/\/horapicodigital.com.ar\/index.php\/wp-json\/wp\/v2\/media?parent=11113"}],"wp:term":[{"taxonomy":"category","embeddable":true,"href":"https:\/\/horapicodigital.com.ar\/index.php\/wp-json\/wp\/v2\/categories?post=11113"},{"taxonomy":"post_tag","embeddable":true,"href":"https:\/\/horapicodigital.com.ar\/index.php\/wp-json\/wp\/v2\/tags?post=11113"}],"curies":[{"name":"wp","href":"https:\/\/api.w.org\/{rel}","templated":true}]}}