{"id":11098,"date":"2024-11-26T07:58:36","date_gmt":"2024-11-26T10:58:36","guid":{"rendered":"https:\/\/horapicodigital.com.ar\/?p=11098"},"modified":"2024-11-26T07:58:41","modified_gmt":"2024-11-26T10:58:41","slug":"carnaval-sera-el-primer-fin-de-semana-largo-del-2025","status":"publish","type":"post","link":"https:\/\/horapicodigital.com.ar\/index.php\/2024\/11\/26\/carnaval-sera-el-primer-fin-de-semana-largo-del-2025\/","title":{"rendered":"CARNAVAL SER\u00c1 EL PRIMER FIN DE SEMANA LARGO DEL 2025"},"content":{"rendered":"\n<p>Luego de confirmarse los d\u00edas no laborables, el fin de semana extra largo de carnaval tiene fecha confirmada.<\/p>\n\n\n\n<p>Los feriados de carnaval de 2025 esta vez no ser\u00e1n en febrero, algo que modifica muchas cuestiones del turismo y har\u00e1 que haya precios m\u00e1s baratos, ser\u00e1n el lunes 3 y martes 4 de marzo.<\/p>\n\n\n\n<p>Los feriados de Semana Santa<br>&nbsp;<br>El segundo fin de semana extra largo de 2025 ser\u00e1 el de Semana Santa, iniciar\u00e1 el Jueves Santo 17 de abril y le seguir\u00e1 el Viernes Santo 18 de abril, dando la oportunidad en esa semana de preparar una escapada a cualquiera de los destinos del pa\u00eds.<\/p>\n\n\n\n<p>Los feriados inamovibles en 2025<br>Mi\u00e9rcoles 1\u00b0 de enero: A\u00f1o Nuevo.<br>Lunes 3 y martes 4 de marzo: Carnaval.<br>Lunes 24 de marzo: D\u00eda Nacional de la Memoria por la Verdad y la Justicia.<br>Mi\u00e9rcoles 2 de abril: D\u00eda del Veterano y de los Ca\u00eddos en la Guerra de Malvinas.<br>Viernes 18 de abril: Viernes Santo.<br>Jueves 1\u00b0 de mayo: D\u00eda del Trabajador.<br>Domingo 25 de mayo: D\u00eda de la Revoluci\u00f3n de Mayo.<br>Viernes 20 de junio: Paso a la Inmortalidad del General Manuel Belgrano.<br>Mi\u00e9rcoles 9 de julio: D\u00eda de la Independencia.<br>Lunes 8 de diciembre: D\u00eda de la Inmaculada Concepci\u00f3n de Mar\u00eda.<br>Jueves 25 de diciembre: Navidad.<br>Feriados no laborables confirmados de 2025<br>El gobierno de Javier Milei elimin\u00f3 los feriados con fines tur\u00edsticos y los reemplaz\u00f3 por d\u00edas no laborables. De este modo asest\u00f3 un fuerte rev\u00e9s a la industria tur\u00edstica ya que depende de los empleadores otorgar o no el d\u00eda libre a sus trabajadores cuando se trata de d\u00edas no laborables.<\/p>\n\n\n\n<p>Los empleadores no deben adem\u00e1s abonar la jornada doble en esos casos ya que no se trata de feriados. De esta manera el gobierno no habilit\u00f3 ning\u00fan feriado extra largo \u00abobligatorio\u00bb para el pr\u00f3ximo a\u00f1o.<\/p>\n\n\n\n<p>Lo hizo por medio del Decreto 1027\/2024 publicado en el Bolet\u00edn Oficial con las firmas de Milei y el jefe de Gabinete Guillermo Francos.<\/p>\n\n\n\n<p>Seg\u00fan el art\u00edculo 1\u00b0 del decreto, los tres d\u00edas no laborables con fines tur\u00edsticos de 2025 ser\u00e1n el:<\/p>\n\n\n\n<p>Viernes 2 de mayo, que se suma al 1\u00b0 de Mayo, D\u00eda del Trabajador.<br>Viernes 15 de agosto, en la v\u00edspera del 17 del mismo mes, paso a la inmortalidad del General Jos\u00e9 de San Mart\u00edn.<br>Viernes 21 de noviembre, que se suma al D\u00eda de la Soberan\u00eda Nacional, el 20 de ese mes.<\/p>\n","protected":false},"excerpt":{"rendered":"<p>Luego de confirmarse los d\u00edas no laborables, el fin de semana extra largo de carnaval tiene fecha confirmada. Los feriados de carnaval de 2025 esta vez no ser\u00e1n en febrero, algo que modifica muchas cuestiones del turismo y har\u00e1 que haya precios m\u00e1s baratos, ser\u00e1n el lunes 3 y martes 4 de marzo. Los feriados [&hellip;]<\/p>\n","protected":false},"author":7,"featured_media":11099,"comment_status":"open","ping_status":"open","sticky":false,"template":"","format":"standard","meta":{"_themeisle_gutenberg_block_has_review":false,"footnotes":""},"categories":[8,1848],"tags":[],"class_list":["post-11098","post","type-post","status-publish","format-standard","has-post-thumbnail","hentry","category-fin-de-semana","category-turismo"],"_links":{"self":[{"href":"https:\/\/horapicodigital.com.ar\/index.php\/wp-json\/wp\/v2\/posts\/11098","targetHints":{"allow":["GET"]}}],"collection":[{"href":"https:\/\/horapicodigital.com.ar\/index.php\/wp-json\/wp\/v2\/posts"}],"about":[{"href":"https:\/\/horapicodigital.com.ar\/index.php\/wp-json\/wp\/v2\/types\/post"}],"author":[{"embeddable":true,"href":"https:\/\/horapicodigital.com.ar\/index.php\/wp-json\/wp\/v2\/users\/7"}],"replies":[{"embeddable":true,"href":"https:\/\/horapicodigital.com.ar\/index.php\/wp-json\/wp\/v2\/comments?post=11098"}],"version-history":[{"count":1,"href":"https:\/\/horapicodigital.com.ar\/index.php\/wp-json\/wp\/v2\/posts\/11098\/revisions"}],"predecessor-version":[{"id":11100,"href":"https:\/\/horapicodigital.com.ar\/index.php\/wp-json\/wp\/v2\/posts\/11098\/revisions\/11100"}],"wp:featuredmedia":[{"embeddable":true,"href":"https:\/\/horapicodigital.com.ar\/index.php\/wp-json\/wp\/v2\/media\/11099"}],"wp:attachment":[{"href":"https:\/\/horapicodigital.com.ar\/index.php\/wp-json\/wp\/v2\/media?parent=11098"}],"wp:term":[{"taxonomy":"category","embeddable":true,"href":"https:\/\/horapicodigital.com.ar\/index.php\/wp-json\/wp\/v2\/categories?post=11098"},{"taxonomy":"post_tag","embeddable":true,"href":"https:\/\/horapicodigital.com.ar\/index.php\/wp-json\/wp\/v2\/tags?post=11098"}],"curies":[{"name":"wp","href":"https:\/\/api.w.org\/{rel}","templated":true}]}}