{"id":11084,"date":"2024-11-26T07:50:52","date_gmt":"2024-11-26T10:50:52","guid":{"rendered":"https:\/\/horapicodigital.com.ar\/?p=11084"},"modified":"2024-11-26T07:50:58","modified_gmt":"2024-11-26T10:50:58","slug":"el-mpa-suspende-la-feria-de-enero-y-trabajara-con-normalidad-durante-el-receso-judicial","status":"publish","type":"post","link":"https:\/\/horapicodigital.com.ar\/index.php\/2024\/11\/26\/el-mpa-suspende-la-feria-de-enero-y-trabajara-con-normalidad-durante-el-receso-judicial\/","title":{"rendered":"El MPA suspende la feria de enero y trabajar\u00e1 con normalidad durante el receso judicial"},"content":{"rendered":"\n<p>El organismo estableci\u00f3 un nuevo r\u00e9gimen de licencias que permitir\u00e1 continuar con las actividades evitando retrasos en investigaciones y tr\u00e1mites judiciales.<\/p>\n\n\n\n<p><strong>El Ministerio P\u00fablico de la Acusaci\u00f3n de Jujuy decidi\u00f3 suspender la feria judicial de enero<\/strong>&nbsp;<strong>y garantizar la continuidad de su trabajo a pesar del receso de actividades en el Poder Judicial.&nbsp;<\/strong><\/p>\n\n\n\n<p>A trav\u00e9s de la Resoluci\u00f3n PG N\u00ba 250\/2024,&nbsp;<strong>el organismo reestructur\u00f3 el r\u00e9gimen de licencias para su personal<\/strong>, permitiendo que los 31 d\u00edas de descanso anual puedan tomarse entre diciembre y marzo, de forma fraccionada o \u00edntegra.<\/p>\n\n\n\n<p><strong>Este cambio busca que las dependencias del MPA mantengan su actividad sin interrupciones<\/strong>, incluso durante los meses en los que tradicionalmente el Poder Judicial realiza un receso durante todo el mes.&nbsp;<\/p>\n\n\n\n<p>El nuevo r\u00e9gimen de licencias del MPA permitir\u00e1 mantener los horarios habituales de atenci\u00f3n durante enero, evitando retrasos en tr\u00e1mites judiciales, investigaciones y otras gestiones.&nbsp;<\/p>\n\n\n\n<p><strong>Con esta medida, el MPA pone en evidencia la rigidez del sistema de recesos vigente en otros organismos, como el Poder Judicial y las defensor\u00edas, que a\u00fan mantienen la feria judicial.&nbsp;<\/strong><\/p>\n\n\n\n<p><a href=\"https:\/\/www.somosjujuy.com.ar\/jujuy\/se-firmo-convenio-colaboracion-reciproca-poder-judicial-consejo-provincial-mujeres-n97961\"><\/a><\/p>\n","protected":false},"excerpt":{"rendered":"<p>El organismo estableci\u00f3 un nuevo r\u00e9gimen de licencias que permitir\u00e1 continuar con las actividades evitando retrasos en investigaciones y tr\u00e1mites judiciales. El Ministerio P\u00fablico de la Acusaci\u00f3n de Jujuy decidi\u00f3 suspender la feria judicial de enero&nbsp;y garantizar la continuidad de su trabajo a pesar del receso de actividades en el Poder Judicial.&nbsp; A trav\u00e9s de [&hellip;]<\/p>\n","protected":false},"author":7,"featured_media":11085,"comment_status":"open","ping_status":"open","sticky":false,"template":"","format":"standard","meta":{"_themeisle_gutenberg_block_has_review":false,"footnotes":""},"categories":[81,32],"tags":[],"class_list":["post-11084","post","type-post","status-publish","format-standard","has-post-thumbnail","hentry","category-general","category-locales"],"_links":{"self":[{"href":"https:\/\/horapicodigital.com.ar\/index.php\/wp-json\/wp\/v2\/posts\/11084","targetHints":{"allow":["GET"]}}],"collection":[{"href":"https:\/\/horapicodigital.com.ar\/index.php\/wp-json\/wp\/v2\/posts"}],"about":[{"href":"https:\/\/horapicodigital.com.ar\/index.php\/wp-json\/wp\/v2\/types\/post"}],"author":[{"embeddable":true,"href":"https:\/\/horapicodigital.com.ar\/index.php\/wp-json\/wp\/v2\/users\/7"}],"replies":[{"embeddable":true,"href":"https:\/\/horapicodigital.com.ar\/index.php\/wp-json\/wp\/v2\/comments?post=11084"}],"version-history":[{"count":1,"href":"https:\/\/horapicodigital.com.ar\/index.php\/wp-json\/wp\/v2\/posts\/11084\/revisions"}],"predecessor-version":[{"id":11086,"href":"https:\/\/horapicodigital.com.ar\/index.php\/wp-json\/wp\/v2\/posts\/11084\/revisions\/11086"}],"wp:featuredmedia":[{"embeddable":true,"href":"https:\/\/horapicodigital.com.ar\/index.php\/wp-json\/wp\/v2\/media\/11085"}],"wp:attachment":[{"href":"https:\/\/horapicodigital.com.ar\/index.php\/wp-json\/wp\/v2\/media?parent=11084"}],"wp:term":[{"taxonomy":"category","embeddable":true,"href":"https:\/\/horapicodigital.com.ar\/index.php\/wp-json\/wp\/v2\/categories?post=11084"},{"taxonomy":"post_tag","embeddable":true,"href":"https:\/\/horapicodigital.com.ar\/index.php\/wp-json\/wp\/v2\/tags?post=11084"}],"curies":[{"name":"wp","href":"https:\/\/api.w.org\/{rel}","templated":true}]}}