{"id":11043,"date":"2024-11-25T00:46:01","date_gmt":"2024-11-25T03:46:01","guid":{"rendered":"https:\/\/horapicodigital.com.ar\/?p=11043"},"modified":"2024-11-25T00:46:07","modified_gmt":"2024-11-25T03:46:07","slug":"cultura-el-gobernador-sadir-estuvo-en-el-exitoso-festival-del-bunuelo","status":"publish","type":"post","link":"https:\/\/horapicodigital.com.ar\/index.php\/2024\/11\/25\/cultura-el-gobernador-sadir-estuvo-en-el-exitoso-festival-del-bunuelo\/","title":{"rendered":"Cultura.\u00a0El Gobernador Sadir estuvo en el exitoso Festival del Bu\u00f1uelo"},"content":{"rendered":"\n<p>Este domingo por la tarde, el primer mandatario estuvo en el Festival del Bu\u00f1uelo en El Carmen, invitado por el intendente V\u00edctor Gonz\u00e1lez<\/p>\n\n\n\n<p>El gobernador recorri\u00f3 los diferentes stands y felicit\u00f3 como agradeci\u00f3 al intendente por la invitaci\u00f3n y \u201cpor lograr este festival que siempre atrae tanta gente de otras localidades y de otras provincias que vienen a degustar los bu\u00f1uelos tan t\u00edpicos de este lugar\u00bb.<\/p>\n\n\n\n<p>Adem\u00e1s, remarc\u00f3 que \u00abeste festival es una expresi\u00f3n cultural que viene a potenciar la localidad y la zona\u201d. \u201cPor eso apoyamos el trabajo que hace la municipalidad en propuestas de recreaci\u00f3n y servicios que benefician a la gente\u00bb, afirm\u00f3.<\/p>\n\n\n\n<p>Por su parte, Gonz\u00e1lez coment\u00f3 que \u00abcon el apoyo del gobernador retomamos este festival con la infraestructura y otras gestiones\u201d.&nbsp;<\/p>\n\n\n\n<p>\u201cAs\u00ed motorizamos la econom\u00eda que es importante para la zona y se revaloriza la cultura art\u00edstica tambi\u00e9n\u00bb, complet\u00f3.&nbsp;<\/p>\n\n\n\n<p>Esta gran fiesta tradicional cont\u00f3 con la participaci\u00f3n de reconocidos artistas provinciales, quienes deleitaron al p\u00fablico con su canto y tambi\u00e9n hubo distinto show de ballets folkl\u00f3ricos.&nbsp;<\/p>\n\n\n\n<p>Adem\u00e1s, en paralelo al festival, se mont\u00f3 una feria de emprendedores de la zona, que ofrecieron distintos productos a la venta.<\/p>\n","protected":false},"excerpt":{"rendered":"<p>Este domingo por la tarde, el primer mandatario estuvo en el Festival del Bu\u00f1uelo en El Carmen, invitado por el intendente V\u00edctor Gonz\u00e1lez El gobernador recorri\u00f3 los diferentes stands y felicit\u00f3 como agradeci\u00f3 al intendente por la invitaci\u00f3n y \u201cpor lograr este festival que siempre atrae tanta gente de otras localidades y de otras provincias [&hellip;]<\/p>\n","protected":false},"author":6,"featured_media":11044,"comment_status":"open","ping_status":"open","sticky":false,"template":"","format":"standard","meta":{"_themeisle_gutenberg_block_has_review":false,"footnotes":""},"categories":[32,4],"tags":[2706,58,1088],"class_list":["post-11043","post","type-post","status-publish","format-standard","has-post-thumbnail","hentry","category-locales","category-noticias","tag-bunelodromo","tag-jujuy","tag-sadir"],"_links":{"self":[{"href":"https:\/\/horapicodigital.com.ar\/index.php\/wp-json\/wp\/v2\/posts\/11043","targetHints":{"allow":["GET"]}}],"collection":[{"href":"https:\/\/horapicodigital.com.ar\/index.php\/wp-json\/wp\/v2\/posts"}],"about":[{"href":"https:\/\/horapicodigital.com.ar\/index.php\/wp-json\/wp\/v2\/types\/post"}],"author":[{"embeddable":true,"href":"https:\/\/horapicodigital.com.ar\/index.php\/wp-json\/wp\/v2\/users\/6"}],"replies":[{"embeddable":true,"href":"https:\/\/horapicodigital.com.ar\/index.php\/wp-json\/wp\/v2\/comments?post=11043"}],"version-history":[{"count":1,"href":"https:\/\/horapicodigital.com.ar\/index.php\/wp-json\/wp\/v2\/posts\/11043\/revisions"}],"predecessor-version":[{"id":11045,"href":"https:\/\/horapicodigital.com.ar\/index.php\/wp-json\/wp\/v2\/posts\/11043\/revisions\/11045"}],"wp:featuredmedia":[{"embeddable":true,"href":"https:\/\/horapicodigital.com.ar\/index.php\/wp-json\/wp\/v2\/media\/11044"}],"wp:attachment":[{"href":"https:\/\/horapicodigital.com.ar\/index.php\/wp-json\/wp\/v2\/media?parent=11043"}],"wp:term":[{"taxonomy":"category","embeddable":true,"href":"https:\/\/horapicodigital.com.ar\/index.php\/wp-json\/wp\/v2\/categories?post=11043"},{"taxonomy":"post_tag","embeddable":true,"href":"https:\/\/horapicodigital.com.ar\/index.php\/wp-json\/wp\/v2\/tags?post=11043"}],"curies":[{"name":"wp","href":"https:\/\/api.w.org\/{rel}","templated":true}]}}