{"id":11020,"date":"2024-11-23T06:51:50","date_gmt":"2024-11-23T09:51:50","guid":{"rendered":"https:\/\/horapicodigital.com.ar\/?p=11020"},"modified":"2024-11-23T06:51:56","modified_gmt":"2024-11-23T09:51:56","slug":"confirman-la-fecha-de-inicio-de-clases-en-2025","status":"publish","type":"post","link":"https:\/\/horapicodigital.com.ar\/index.php\/2024\/11\/23\/confirman-la-fecha-de-inicio-de-clases-en-2025\/","title":{"rendered":"Confirman la fecha de inicio de clases en 2025"},"content":{"rendered":"\n<p>La Direcci\u00f3n General de Cultura y Educaci\u00f3n de la provincia de Buenos Aires dio a conocer el calendario del ciclo lectivo del a\u00f1o pr\u00f3ximo. Todos los niveles educativos c<strong>omenzar\u00e1n las clases el mi\u00e9rcoles 5 de marzo y las finalizar\u00e1n el lunes 22 de diciembre.<\/strong>&nbsp;Seg\u00fan el gobierno bonaerense, se asegurar\u00e1 un total de 185 d\u00edas de actividad escolar.<\/p>\n\n\n\n<p>En tanto, el receso invernal tendr\u00e1 lugar entre el 21 de julio y el 1\u00b0 de agosto. De acuerdo con la informaci\u00f3n oficial, durante ese per\u00edodo se implementar\u00e1n actividades complementarias orientadas al logro de los objetivos educativos de cada nivel y modalidad.<\/p>\n\n\n\n<p>El inicio y finalizaci\u00f3n del ciclo lectivo est\u00e1 previsto para esas fechas en los niveles y modalidades de: inicial, primario, secundario, t\u00e9cnica, agraria, j\u00f3venes, adultos y adultos mayores, art\u00edstica, psicolog\u00eda comunitaria y pedagog\u00eda social y especial.<\/p>\n\n\n\n<p>Por otro lado, la educaci\u00f3n superior comenzar\u00e1 el 17 de marzo y finalizar\u00e1 el 28 de noviembre.<\/p>\n\n\n\n<p>Adem\u00e1s, el cronograma prev\u00e9 jornadas institucionales durante febrero, agosto y un tercer mes a definir, que se llevar\u00e1n a cabo en forma regionalizada a lo largo del ciclo lectivo. En tanto en el nivel secundario, se realizar\u00e1n dos durante febrero.<\/p>\n","protected":false},"excerpt":{"rendered":"<p>La Direcci\u00f3n General de Cultura y Educaci\u00f3n de la provincia de Buenos Aires dio a conocer el calendario del ciclo lectivo del a\u00f1o pr\u00f3ximo. Todos los niveles educativos comenzar\u00e1n las clases el mi\u00e9rcoles 5 de marzo y las finalizar\u00e1n el lunes 22 de diciembre.&nbsp;Seg\u00fan el gobierno bonaerense, se asegurar\u00e1 un total de 185 d\u00edas de [&hellip;]<\/p>\n","protected":false},"author":7,"featured_media":11021,"comment_status":"open","ping_status":"open","sticky":false,"template":"","format":"standard","meta":{"_themeisle_gutenberg_block_has_review":false,"footnotes":""},"categories":[248],"tags":[],"class_list":["post-11020","post","type-post","status-publish","format-standard","has-post-thumbnail","hentry","category-educacion"],"_links":{"self":[{"href":"https:\/\/horapicodigital.com.ar\/index.php\/wp-json\/wp\/v2\/posts\/11020","targetHints":{"allow":["GET"]}}],"collection":[{"href":"https:\/\/horapicodigital.com.ar\/index.php\/wp-json\/wp\/v2\/posts"}],"about":[{"href":"https:\/\/horapicodigital.com.ar\/index.php\/wp-json\/wp\/v2\/types\/post"}],"author":[{"embeddable":true,"href":"https:\/\/horapicodigital.com.ar\/index.php\/wp-json\/wp\/v2\/users\/7"}],"replies":[{"embeddable":true,"href":"https:\/\/horapicodigital.com.ar\/index.php\/wp-json\/wp\/v2\/comments?post=11020"}],"version-history":[{"count":1,"href":"https:\/\/horapicodigital.com.ar\/index.php\/wp-json\/wp\/v2\/posts\/11020\/revisions"}],"predecessor-version":[{"id":11022,"href":"https:\/\/horapicodigital.com.ar\/index.php\/wp-json\/wp\/v2\/posts\/11020\/revisions\/11022"}],"wp:featuredmedia":[{"embeddable":true,"href":"https:\/\/horapicodigital.com.ar\/index.php\/wp-json\/wp\/v2\/media\/11021"}],"wp:attachment":[{"href":"https:\/\/horapicodigital.com.ar\/index.php\/wp-json\/wp\/v2\/media?parent=11020"}],"wp:term":[{"taxonomy":"category","embeddable":true,"href":"https:\/\/horapicodigital.com.ar\/index.php\/wp-json\/wp\/v2\/categories?post=11020"},{"taxonomy":"post_tag","embeddable":true,"href":"https:\/\/horapicodigital.com.ar\/index.php\/wp-json\/wp\/v2\/tags?post=11020"}],"curies":[{"name":"wp","href":"https:\/\/api.w.org\/{rel}","templated":true}]}}