{"id":1083,"date":"2023-02-06T13:41:43","date_gmt":"2023-02-06T13:41:43","guid":{"rendered":"https:\/\/horapicodigital.com.ar\/?p=1083"},"modified":"2023-02-06T13:41:44","modified_gmt":"2023-02-06T13:41:44","slug":"vacunas-antigripales-llegan-a-fin-de-mes","status":"publish","type":"post","link":"https:\/\/horapicodigital.com.ar\/index.php\/2023\/02\/06\/vacunas-antigripales-llegan-a-fin-de-mes\/","title":{"rendered":"Vacunas Antigripales: llegan a fin de mes"},"content":{"rendered":"\n<p>Desde el Ministerio de Salud confirmaron que a fines de este mes llegar\u00e1n las dosis pertinentes a la campa\u00f1a de vacunacion antigripal. <\/p>\n\n\n\n<p>\u00bfQui\u00e9nes deben aplicarse la antigripal?<br>La vacuna antigripal ya est\u00e1 incorporada en el calendario nacional, se deben aplicar la dosis todos los ni\u00f1os entre los 6 meses y los 2 a\u00f1os, mujeres embarazadas en cualquier momento de la gestaci\u00f3n, personal de salud expuesto, adultos de 65 a\u00f1os con factores de riesgo. A ellos hay que sumarle un grupo especial que va desde los 25 meses a 64 a\u00f1os con factores de riesgo o enfermedades cr\u00f3nicas que compliquen su salud por ejemplo obesidad, diabetes, enfermedades respiratorias o card\u00edacas severas e inmunosupresiones <\/p>\n\n\n\n<p>\u00bfLa vacuna antigripal se puede aplicar junto con la de covid?<\/p>\n\n\n\n<p> Todas las vacunas de calendario se pueden aplicar de manera simult\u00e1nea con la de covid.<\/p>\n\n\n\n<p>La entrevistada indic\u00f3 que la idea es aprovechar esta oportunidad de aplicar la vacuna contra la gripe para tambi\u00e9n reforzar y completar el esquema de vacunaci\u00f3n contra el covid.<\/p>\n\n\n\n<p><\/p>\n\n\n\n<p>Las vacunas no enferman<br> Pueden tener reacciones adversas, no producen ninguna enfermedad sino que generan anticuerpos para estar protegidos contra las formas graves de la enfermedad. <\/p>\n\n\n\n<p>Cabe recordar que los refuerzos contra el covid se aplican cada cuatro meses, es decir que la persona debe esperar necesariamente este per\u00edodo para poder inocularse y completar el esquema.<\/p>\n","protected":false},"excerpt":{"rendered":"<p>Desde el Ministerio de Salud confirmaron que a fines de este mes llegar\u00e1n las dosis pertinentes a la campa\u00f1a de vacunacion antigripal. \u00bfQui\u00e9nes deben aplicarse la antigripal?La vacuna antigripal ya est\u00e1 incorporada en el calendario nacional, se deben aplicar la dosis todos los ni\u00f1os entre los 6 meses y los 2 a\u00f1os, mujeres embarazadas en [&hellip;]<\/p>\n","protected":false},"author":5,"featured_media":1084,"comment_status":"open","ping_status":"open","sticky":false,"template":"","format":"standard","meta":{"_themeisle_gutenberg_block_has_review":false,"footnotes":""},"categories":[32,11],"tags":[158,157],"class_list":["post-1083","post","type-post","status-publish","format-standard","has-post-thumbnail","hentry","category-locales","category-salud","tag-antigripal","tag-vacunas"],"_links":{"self":[{"href":"https:\/\/horapicodigital.com.ar\/index.php\/wp-json\/wp\/v2\/posts\/1083","targetHints":{"allow":["GET"]}}],"collection":[{"href":"https:\/\/horapicodigital.com.ar\/index.php\/wp-json\/wp\/v2\/posts"}],"about":[{"href":"https:\/\/horapicodigital.com.ar\/index.php\/wp-json\/wp\/v2\/types\/post"}],"author":[{"embeddable":true,"href":"https:\/\/horapicodigital.com.ar\/index.php\/wp-json\/wp\/v2\/users\/5"}],"replies":[{"embeddable":true,"href":"https:\/\/horapicodigital.com.ar\/index.php\/wp-json\/wp\/v2\/comments?post=1083"}],"version-history":[{"count":1,"href":"https:\/\/horapicodigital.com.ar\/index.php\/wp-json\/wp\/v2\/posts\/1083\/revisions"}],"predecessor-version":[{"id":1088,"href":"https:\/\/horapicodigital.com.ar\/index.php\/wp-json\/wp\/v2\/posts\/1083\/revisions\/1088"}],"wp:featuredmedia":[{"embeddable":true,"href":"https:\/\/horapicodigital.com.ar\/index.php\/wp-json\/wp\/v2\/media\/1084"}],"wp:attachment":[{"href":"https:\/\/horapicodigital.com.ar\/index.php\/wp-json\/wp\/v2\/media?parent=1083"}],"wp:term":[{"taxonomy":"category","embeddable":true,"href":"https:\/\/horapicodigital.com.ar\/index.php\/wp-json\/wp\/v2\/categories?post=1083"},{"taxonomy":"post_tag","embeddable":true,"href":"https:\/\/horapicodigital.com.ar\/index.php\/wp-json\/wp\/v2\/tags?post=1083"}],"curies":[{"name":"wp","href":"https:\/\/api.w.org\/{rel}","templated":true}]}}