{"id":10725,"date":"2024-11-02T01:41:50","date_gmt":"2024-11-02T04:41:50","guid":{"rendered":"https:\/\/horapicodigital.com.ar\/?p=10725"},"modified":"2024-11-02T01:41:55","modified_gmt":"2024-11-02T04:41:55","slug":"avances-en-obras-en-calle-la-posta-de-los-perales","status":"publish","type":"post","link":"https:\/\/horapicodigital.com.ar\/index.php\/2024\/11\/02\/avances-en-obras-en-calle-la-posta-de-los-perales\/","title":{"rendered":"Avances en obras en calle La Posta de Los Perales"},"content":{"rendered":"\n<p>El intendente de San Salvador de Jujuy, Ra\u00fal Jorge, visit\u00f3 las obras de pavimentaci\u00f3n, revalorizaci\u00f3n y puesta en valor que la Municipalidad lleva adelante en la calle La Posta, ubicada en el barrio Los Perales.<\/p>\n\n\n\n<p>Durante el recorrido, el jefe comunal destac\u00f3 la importancia de esta intervenci\u00f3n en un sector clave de la ciudad. \u00abEra necesario la intervenci\u00f3n ac\u00e1 en la avenida La Posta, ni m\u00e1s ni menos el nexo de conexi\u00f3n entre el flamante Centro Cultural Casa Baca en avenida Ill\u00eda y La Posta, que es la v\u00eda que lleva directamente a nuestro Parque Bot\u00e1nico, que tiene nuevos atractivos como el mangrullo que acabamos de inaugurar\u00bb, puntualiz\u00f3 el intendente.<\/p>\n\n\n\n<p>Jorge detall\u00f3 que la intervenci\u00f3n comprende una serie de mejoras integrales, enfocadas tanto en la infraestructura como en la est\u00e9tica y el aspecto ecol\u00f3gico del sector. \u00abTodo esto tiene que ver con un circuito que hab\u00eda que ordenarlo, muy necesario para todo este sector m\u00e1s viejo de Los Perales, que necesitaba de esta obra para ordenarla, ponerla en condiciones\u00bb, sostuvo.<\/p>\n\n\n\n<p>Tambi\u00e9n se\u00f1al\u00f3 que el proyecto contempla la colocaci\u00f3n de palmeras en el \u00e1rea, en lo que han denominado el \u00abcamino de los tucanes\u00bb, destacando que estas plantas aportan un v\u00ednculo ecol\u00f3gico entre el centro de la ciudad, Los Perales, las yungas y el Parque Bot\u00e1nico.<\/p>\n\n\n\n<p>Por su parte, el secretario de Obras P\u00fablicas, Aldo Montiel, brind\u00f3 detalles t\u00e9cnicos sobre el proyecto, mencionando que la avenida La Posta es una de las primeras calles pavimentadas de Los Perales y que despu\u00e9s de muchos a\u00f1os requer\u00eda una actualizaci\u00f3n profunda. \u00abSe repavimentar\u00e1 en concreto asf\u00e1ltico desde calle Los Nardos hasta calle El Suncho. Esta obra calculamos que en dos o tres d\u00edas va a quedar terminada\u00bb, inform\u00f3.<\/p>\n\n\n\n<p>A su turno, el secretario de Servicios P\u00fablicos, Guillermo Marenco, indic\u00f3 que la obra en La Posta es el resultado de un esfuerzo coordinado entre dos \u00e1reas vitales del municipio. \u00abUn trabajo mancomunado con la Secretar\u00eda de Obras P\u00fablicas, en lo que respecta a Servicios P\u00fablicos trabajando con personal de Servicios El\u00e9ctricos y de Espacios Verdes. En espacios verdes estamos trabajando el cantero central, con una parquizaci\u00f3n en palmeras, aprovechando lo que ya est\u00e1 hecho en el primer sector de calle La Posta y trabajando mucho con la presencia de un animal tan querido por los vecinos de este sector y por los juje\u00f1os, que es el tuc\u00e1n\u00bb.<\/p>\n\n\n\n<p>Finalmente, Marenco anunci\u00f3 que los trabajos ir\u00e1n \u00abacompa\u00f1ados de una iluminaci\u00f3n LED a lo largo de toda la arteria, de manera tal de brindar una mejor iluminaci\u00f3n, mejorando la calidad de vida y mejorando la seguridad de los vecinos de este sector\u00bb.<\/p>\n\n\n\n<p><\/p>\n","protected":false},"excerpt":{"rendered":"<p>El intendente de San Salvador de Jujuy, Ra\u00fal Jorge, visit\u00f3 las obras de pavimentaci\u00f3n, revalorizaci\u00f3n y puesta en valor que la Municipalidad lleva adelante en la calle La Posta, ubicada en el barrio Los Perales. Durante el recorrido, el jefe comunal destac\u00f3 la importancia de esta intervenci\u00f3n en un sector clave de la ciudad. \u00abEra [&hellip;]<\/p>\n","protected":false},"author":6,"featured_media":10728,"comment_status":"open","ping_status":"open","sticky":false,"template":"","format":"standard","meta":{"_themeisle_gutenberg_block_has_review":false,"footnotes":""},"categories":[81,32],"tags":[58,2682,2026],"class_list":["post-10725","post","type-post","status-publish","format-standard","has-post-thumbnail","hentry","category-general","category-locales","tag-jujuy","tag-lo-perales","tag-obra"],"_links":{"self":[{"href":"https:\/\/horapicodigital.com.ar\/index.php\/wp-json\/wp\/v2\/posts\/10725","targetHints":{"allow":["GET"]}}],"collection":[{"href":"https:\/\/horapicodigital.com.ar\/index.php\/wp-json\/wp\/v2\/posts"}],"about":[{"href":"https:\/\/horapicodigital.com.ar\/index.php\/wp-json\/wp\/v2\/types\/post"}],"author":[{"embeddable":true,"href":"https:\/\/horapicodigital.com.ar\/index.php\/wp-json\/wp\/v2\/users\/6"}],"replies":[{"embeddable":true,"href":"https:\/\/horapicodigital.com.ar\/index.php\/wp-json\/wp\/v2\/comments?post=10725"}],"version-history":[{"count":1,"href":"https:\/\/horapicodigital.com.ar\/index.php\/wp-json\/wp\/v2\/posts\/10725\/revisions"}],"predecessor-version":[{"id":10729,"href":"https:\/\/horapicodigital.com.ar\/index.php\/wp-json\/wp\/v2\/posts\/10725\/revisions\/10729"}],"wp:featuredmedia":[{"embeddable":true,"href":"https:\/\/horapicodigital.com.ar\/index.php\/wp-json\/wp\/v2\/media\/10728"}],"wp:attachment":[{"href":"https:\/\/horapicodigital.com.ar\/index.php\/wp-json\/wp\/v2\/media?parent=10725"}],"wp:term":[{"taxonomy":"category","embeddable":true,"href":"https:\/\/horapicodigital.com.ar\/index.php\/wp-json\/wp\/v2\/categories?post=10725"},{"taxonomy":"post_tag","embeddable":true,"href":"https:\/\/horapicodigital.com.ar\/index.php\/wp-json\/wp\/v2\/tags?post=10725"}],"curies":[{"name":"wp","href":"https:\/\/api.w.org\/{rel}","templated":true}]}}