{"id":10527,"date":"2024-10-23T02:11:23","date_gmt":"2024-10-23T05:11:23","guid":{"rendered":"https:\/\/horapicodigital.com.ar\/?p=10527"},"modified":"2024-10-23T02:11:29","modified_gmt":"2024-10-23T05:11:29","slug":"desde-adiunju-comunicaron-que-continuan-las-actividades-de-lucha-en-la-semana-de-paro-docente","status":"publish","type":"post","link":"https:\/\/horapicodigital.com.ar\/index.php\/2024\/10\/23\/desde-adiunju-comunicaron-que-continuan-las-actividades-de-lucha-en-la-semana-de-paro-docente\/","title":{"rendered":"Desde Adiunju comunicaron que contin\u00faan las actividades de lucha en la semana de paro docente"},"content":{"rendered":"\n<p>En el marco de la semana de paro docente, desde Adiunju comunicaron que este mi\u00e9rcoles 23 de octubre continuar\u00e1n\u00a0los reclamos \u00abcontra el desfinanciamiento universitario\u201d.<\/p>\n\n\n\n<p>En la oportunidad invitaron a participar de clases p\u00fablicas, c\u00edrculo de lecturas y conversatorios y talleres que se realizar\u00e1n en diferentes puntos de la ciudad como la plaza Belgrano, la Facultad de Ingenier\u00eda y la Facultad de Humanidades.<\/p>\n\n\n\n<p>Cabe aclarar que el d\u00eda de hoy se realiz\u00f3 una asamblea interfacultades de la Unju en la Facultad de Ingenier\u00eda y se espera para ma\u00f1ana asamblea extraordinaria de la Unju.<\/p>\n\n\n\n<p><\/p>\n","protected":false},"excerpt":{"rendered":"<p>En el marco de la semana de paro docente, desde Adiunju comunicaron que este mi\u00e9rcoles 23 de octubre continuar\u00e1n\u00a0los reclamos \u00abcontra el desfinanciamiento universitario\u201d. En la oportunidad invitaron a participar de clases p\u00fablicas, c\u00edrculo de lecturas y conversatorios y talleres que se realizar\u00e1n en diferentes puntos de la ciudad como la plaza Belgrano, la Facultad [&hellip;]<\/p>\n","protected":false},"author":6,"featured_media":7821,"comment_status":"open","ping_status":"open","sticky":false,"template":"","format":"standard","meta":{"_themeisle_gutenberg_block_has_review":false,"footnotes":""},"categories":[81,32],"tags":[1947,58,412],"class_list":["post-10527","post","type-post","status-publish","format-standard","has-post-thumbnail","hentry","category-general","category-locales","tag-adiunju","tag-jujuy","tag-paro"],"_links":{"self":[{"href":"https:\/\/horapicodigital.com.ar\/index.php\/wp-json\/wp\/v2\/posts\/10527","targetHints":{"allow":["GET"]}}],"collection":[{"href":"https:\/\/horapicodigital.com.ar\/index.php\/wp-json\/wp\/v2\/posts"}],"about":[{"href":"https:\/\/horapicodigital.com.ar\/index.php\/wp-json\/wp\/v2\/types\/post"}],"author":[{"embeddable":true,"href":"https:\/\/horapicodigital.com.ar\/index.php\/wp-json\/wp\/v2\/users\/6"}],"replies":[{"embeddable":true,"href":"https:\/\/horapicodigital.com.ar\/index.php\/wp-json\/wp\/v2\/comments?post=10527"}],"version-history":[{"count":1,"href":"https:\/\/horapicodigital.com.ar\/index.php\/wp-json\/wp\/v2\/posts\/10527\/revisions"}],"predecessor-version":[{"id":10528,"href":"https:\/\/horapicodigital.com.ar\/index.php\/wp-json\/wp\/v2\/posts\/10527\/revisions\/10528"}],"wp:featuredmedia":[{"embeddable":true,"href":"https:\/\/horapicodigital.com.ar\/index.php\/wp-json\/wp\/v2\/media\/7821"}],"wp:attachment":[{"href":"https:\/\/horapicodigital.com.ar\/index.php\/wp-json\/wp\/v2\/media?parent=10527"}],"wp:term":[{"taxonomy":"category","embeddable":true,"href":"https:\/\/horapicodigital.com.ar\/index.php\/wp-json\/wp\/v2\/categories?post=10527"},{"taxonomy":"post_tag","embeddable":true,"href":"https:\/\/horapicodigital.com.ar\/index.php\/wp-json\/wp\/v2\/tags?post=10527"}],"curies":[{"name":"wp","href":"https:\/\/api.w.org\/{rel}","templated":true}]}}