{"id":10109,"date":"2024-10-01T00:42:45","date_gmt":"2024-10-01T03:42:45","guid":{"rendered":"https:\/\/horapicodigital.com.ar\/?p=10109"},"modified":"2024-10-01T00:42:51","modified_gmt":"2024-10-01T03:42:51","slug":"el-gobierno-acordo-con-la-cgt-revisar-una-parte-de-la-reforma-laboral-y-crear-una-mesa-tripartita-con-empresarios","status":"publish","type":"post","link":"https:\/\/horapicodigital.com.ar\/index.php\/2024\/10\/01\/el-gobierno-acordo-con-la-cgt-revisar-una-parte-de-la-reforma-laboral-y-crear-una-mesa-tripartita-con-empresarios\/","title":{"rendered":"El Gobierno acord\u00f3 con la CGT revisar una parte de la reforma laboral y crear una mesa tripartita con empresarios"},"content":{"rendered":"\n<p>El Gobierno y la CGT iniciaron este lunes por la tarde una\u00a0nueva etapa\u00a0en su traum\u00e1tica relaci\u00f3n, en medio de la cuenta regresiva del\u00a0agravamiento del conflicto universitario,\u00a0que incluir\u00e1 la marcha de este mi\u00e9rcoles con participaci\u00f3n sindical, y del\u00a0paro de los gremios del transporte\u00a0previsto para el 17 de octubre.<\/p>\n\n\n\n<p>En este complejo contexto, el jefe de Gabinete,\u00a0Guillermo Francos, y el secretario de Trabajo,\u00a0Julio Cordero, recibieron desde las 17 en la Casa Rosada a una numerosa delegaci\u00f3n de la central obrera, encabezada por dos de sus cotitulares,\u00a0H\u00e9ctor Daer\u00a0(Sanidad) y\u00a0Carlos Acu\u00f1a\u00a0(estaciones de servicio).<\/p>\n\n\n\n<p>De acuerdo con lo que precisaron <strong>\u00a0<\/strong>fuentes que participaron del encuentro, las autoridades nacionales se comprometieron con los l\u00edderes gremiales a\u00a0revisar en conjunto uno de los puntos de la reforma laboral recientemente reglamentada.<\/p>\n\n\n\n<p>Para esto, se avanzar\u00e1 con la creaci\u00f3n de\u00a0una \u201cmesa tripartita\u201d, en la cual tambi\u00e9n estar\u00e1n los cuadros t\u00e9cnicos del sector empresarial, para analizar, puntualmente,\u00a0c\u00f3mo quedar\u00e1 redactado el art\u00edculo sobre los bloqueos sindicales.<\/p>\n\n\n\n<p>\u201cSer\u00e1 para tratar distintos temas de modernizaci\u00f3n laboral, entre los cuales est\u00e1 la cuesti\u00f3n de los bloqueos, pero\u00a0no es para resolverlo, sino para mejorar alguna posici\u00f3n de duda que pueda haber entre algunas de las partes\u201d, aclar\u00f3 el secretario Cordero luego del c\u00f3nclave.<\/p>\n\n\n\n<p>En este sentido, el funcionario explic\u00f3 que, por ejemplo, uno de los asuntos a debatir en ese \u00e1mbito \u201ces si puede haber una intervenci\u00f3n administrativa de la autoridad de aplicaci\u00f3n\u201d en el caso de que ocurra una protesta gremial que impida el funcionamiento de una empresa.<img loading=\"lazy\" decoding=\"async\" alt=\"A cinco meses de su primera y \u00fanica reuni\u00f3n oficial, el Gobierno y la CGT volver\u00e1n a encontrarse en la Casa Rosada\n\" height=\"1966\" src=\"https:\/\/www.infobae.com\/resizer\/v2\/UH2OM4INXVB4HF4DZRBIQUTF4Y.jpeg?auth=ac188f879c76e07d25f7c89c5bdc475852c30baa7e6bfc5360d4411fa385865c&amp;smart=true&amp;width=350&amp;height=197&amp;quality=85\" width=\"3496\">A cinco meses de su primera y \u00fanica reuni\u00f3n oficial, el Gobierno y la CGT volver\u00e1n a encontrarse en la Casa Rosada<\/p>\n\n\n\n<p>De la reuni\u00f3n de este lunes tambi\u00e9n participaron\u00a0Jos\u00e9 Luis Lingeri\u00a0(Obras Sanitarias),\u00a0Gerardo Mart\u00ednez\u00a0(Uni\u00f3n Obrera de la Construcci\u00f3n de la Rep\u00fablica Argentina),\u00a0Sergio Romero\u00a0(UDA),\u00a0Roberto Fern\u00e1ndez\u00a0(Uni\u00f3n Tranviarios Automotor) y\u00a0Daniel Ricci\u00a0(FEDUN), entre otros.<\/p>\n\n\n\n<p>La delegaci\u00f3n de la CGT se completa con\u00a0Andr\u00e9s Rodr\u00edguez\u00a0(UPCN);\u00a0Cristian Jer\u00f3nimo\u00a0(Sindicato de Empleados de la Industria del Vidrio y Afines, Seivara);\u00a0Argentino Geneiro\u00a0(UTHGRA);\u00a0Maia Volcovinsky\u00a0(UEJN),\u00a0Marina Jaureguiberry\u00a0(SADOP) y\u00a0Jorge Sola\u00a0(Sindicato del Seguro).<\/p>\n\n\n\n<p>No estuvieron\u00a0Pablo Moyano,\u00a0que rechaza el di\u00e1logo con el Gobierno, ni tampoco su padre,\u00a0Hugo Moyano,\u00a0quien\u00a0ya confirm\u00f3 que no ir\u00e1 a la reuni\u00f3n,\u00a0aunque lo hab\u00eda hecho en la primera reuni\u00f3n entre los funcionarios libertarios y la CGT del 10 de abril pasado.<\/p>\n\n\n\n<p>Adem\u00e1s, estuvo el influyente asesor presidencial\u00a0Santiago Caputo, uno de los mejores interlocutores con la central obrera, quien d\u00edas atr\u00e1s mantuvo una fuerte pulseada con Sturzenegger para aceptar los cambios que propon\u00edan los sindicalistas para atenuar el art\u00edculo \u201canti-bloqueos\u201d en la reglamentaci\u00f3n de la reforma laboral.<\/p>\n\n\n\n<p>Ese punto finalmente no reglament\u00f3 y as\u00ed qued\u00f3 desestimada la sugerencia de la CGT que implicaba derivar a la Justicia el pedido de despedir a quienes bloquean empresas, aunque en la c\u00fapula cegetista hab\u00eda conformidad porque esa redacci\u00f3n final \u201cno empeor\u00f3\u201d los alcances del art\u00edculo.<\/p>\n\n\n\n<p>Esa f\u00f3rmula de no reglamentar el art\u00edculo que penaliza los bloqueos al considerarlos una injuria laboral grave, y, por lo tanto, causal de despido justificado, fue\u00a0acordada entre Cordero y un negociador de la CGT.\u00a0Y fue considerada un gesto de buena voluntad del Gobierno, as\u00ed como lo fue otro que impuls\u00f3\u00a0Francos:\u00a0frenar el\u00a0proyecto de Democracia Sindical\u00a0en Diputados\u00a0que consensuaron la UCR, el PRO, La Libertad Avanza, la Coalici\u00f3n C\u00edvica, Hacemos Federal e Innovaci\u00f3n Federal, en un texto que unific\u00f3 una\u00a0veintena de iniciativas\u00a0sobre el tema y que le pon\u00eda\u00a0l\u00edmites y controles al gremialismo.<img loading=\"lazy\" decoding=\"async\" height=\"1152\" width=\"2048\" src=\"https:\/\/www.infobae.com\/resizer\/v2\/ARSITEP33VHZBLLS3PAGD7OLPU.jpg?auth=5f7887dc77a347b94e28c914c280964e3397577bf1e7a059a8dc142fb9f9baad&amp;smart=true&amp;width=350&amp;height=197&amp;quality=85\" alt=\"El l\u00edder de la UOCRA, Gerardo Mart\u00ednez, y el jefe de Gabinete, Guillermo Franco, gestores del encuentro entre el Gobierno y la CGT (Foto Franco Fafasuli)\n\">El l\u00edder de la UOCRA, Gerardo Mart\u00ednez, y el jefe de Gabinete, Guillermo Franco, gestores del encuentro entre el Gobierno y la CGT (Foto Franco Fafasuli)<\/p>\n\n\n\n<p>\u201cPara nosotros fue fundamental venir, ser convocados, porque tenemos una preocupaci\u00f3n muy grande que es, producto de la Ley Bases, un art\u00edculo, el 242, que es el de despido con causa. Este art\u00edculo tiene una mala redacci\u00f3n, fue agregado en el Senado y precisamente lo que necesita es una reglamentaci\u00f3n que pueda corregir esto\u201d, explic\u00f3 Daer, al salir de la reuni\u00f3n.<\/p>\n\n\n\n<p>El dirigente cegetista agreg\u00f3: \u201cQuedamos en la constituci\u00f3n de una v\u00eda administrativa para resolver todo en un acuerdo entre la Secretar\u00eda de Trabajo, la CGT y el sector empresarial, para darle precisi\u00f3n a algo que tiene una vaguedad importante en esto de las tomas total o parcial (de una empresa durante las protestas gremiales).\u00a0Si hay bloqueo, hay bloqueo y si no lo hay, no lo hay. Esto de bloqueo total o parcial es una vaguedad absoluta\u201d.<\/p>\n\n\n\n<p>El sector dialoguista de la CGT quiere abrir un\u00a0\u201cespacio institucional de di\u00e1logo\u201d\u00a0con la Casa Rosada, que no est\u00e9 subordinada a las diferencias que mantienen y permita encontrar salidas a los problemas salariales y laborales, pero la mira est\u00e1 puesta en\u00a0el di\u00e1logo tripartito con los empresarios.<\/p>\n\n\n\n<p>Si bien hab\u00eda expectativa sobre un posible acuerdo para destrabar el paro del transporte, a partir de la presencia del propio Roberto Fern\u00e1ndez, el l\u00edder de la UTA, finalmente no hubo una definici\u00f3n al respecto por parte de los gremios.<\/p>\n\n\n\n<p>Tambi\u00e9n asisti\u00f3 a la Casa Rosada\u00a0Daniel Ricci,\u00a0de FEDUN, que agrupa a los docentes universitarios, en plena batalla por mejoras salariales y en contra del veto de Milei a la ley de financiamiento universitario, adem\u00e1s del l\u00edder de UDA,\u00a0Sergio Romero,\u00a0el referente cegetista de los sindicatos docentes, que sigue en conflicto para mejorar los bajos sueldos del sector.\u00a0Ambos ratificaron la marcha federal convocada para este mi\u00e9rcoles.<\/p>\n\n\n\n<p>Las ausencias m\u00e1s notorias dentro de la comitiva cegetista fueron, adem\u00e1s de Pablo Moyano, las de los gremialistas aeron\u00e1uticos\u00a0Pablo Bir\u00f3\u00a0(pilotos) y\u00a0Juan Pablo Brey\u00a0(aeronavegantes), quienes encabezan el duro conflicto salarial que incluy\u00f3 una serie de paros y asambleas que afectaron a miles de pasajeros y que deriv\u00f3 en la decisi\u00f3n del Gobierno de\u00a0no ceder y privatizar Aerol\u00edneas Argentinas.<\/p>\n\n\n\n<p>Entre los sindicalistas que fueron esta tarde a Balcarce 50 se destaca\u00a0Gerardo Mart\u00ednez\u00a0(UOCRA), quien, junto con H\u00e9ctor Daer, son dos de las m\u00e1ximas figuras de la fracci\u00f3n dialoguista de la CGT que ven\u00edan\u00a0negociando\u00a0con Francos desde hace largas semanas para concretar la reuni\u00f3n en la Casa Rosada luego de que se reglamentara la reforma laboral y se definiera el proyecto de Democracia Sindical.<img loading=\"lazy\" decoding=\"async\" height=\"1080\" width=\"1920\" src=\"https:\/\/www.infobae.com\/resizer\/v2\/O2LZHXKW3NDMDFUIVJCHS4RKME.jpeg?auth=1c7886e924a5de93b216f959539d52c322d5f72542a9b456e0cff5e089222fe5&amp;smart=true&amp;width=350&amp;height=197&amp;quality=85\" alt=\"H\u00e9ctor Daer, Pablo Moyano y Carlos Acu\u00f1a: sin el dirigente camionero, la CGT volver\u00e1 al di\u00e1logo con el Gobierno\">H\u00e9ctor Daer, Pablo Moyano y Carlos Acu\u00f1a: sin el dirigente camionero, la CGT volver\u00e1 al di\u00e1logo con el Gobierno<\/p>\n\n\n\n<p>\u201cYa tienen la Ley Bases, ahora queremos saber hacia d\u00f3nde vamos\u201d,\u00a0dijo\u00a0Gerardo Mart\u00ednez\u00a0en di\u00e1logo con\u00a0Infobae\u00a0al referirse a la reuni\u00f3n con Francos y Cordero. Y, en declaraciones radiales, dijo que, \u201cm\u00e1s all\u00e1 de la distancia que podamos tener con el Gobierno,\u00a0estamos obligados al di\u00e1logo\u201d.\u00a0Adem\u00e1s, pidi\u00f3 una mesa de di\u00e1logo con los empresarios para que \u201cel ajuste no recaiga s\u00f3lo en el pueblo\u201d y opin\u00f3 que hubo\u00a0\u201cimprovisaci\u00f3n\u201d\u00a0en la reforma laboral y que la Ley Bases es\u00a0\u201cmala\u201d.<\/p>\n\n\n\n<p>Pablo Moyano se convirti\u00f3 en el principal referente del sindicalismo\u00a0ultraopositor.\u00a0Es uno de los impulsores del paro del transporte convocado para el 17 de octubre porque, seg\u00fan afirm\u00f3,\u00a0\u201chay que seguir confrontando con este gobierno y tiene que ser en la calle\u201d.\u00a0Y consider\u00f3 que la reglamentaci\u00f3n de la reforma laboral es \u201cuna cagada\u201d par los trabajadores y responsabiliz\u00f3 a los diputados que votaron a favor de la Ley Bases, a quienes calific\u00f3 de \u201ctraidores\u201d.<\/p>\n","protected":false},"excerpt":{"rendered":"<p>El Gobierno y la CGT iniciaron este lunes por la tarde una\u00a0nueva etapa\u00a0en su traum\u00e1tica relaci\u00f3n, en medio de la cuenta regresiva del\u00a0agravamiento del conflicto universitario,\u00a0que incluir\u00e1 la marcha de este mi\u00e9rcoles con participaci\u00f3n sindical, y del\u00a0paro de los gremios del transporte\u00a0previsto para el 17 de octubre. En este complejo contexto, el jefe de Gabinete,\u00a0Guillermo [&hellip;]<\/p>\n","protected":false},"author":6,"featured_media":6964,"comment_status":"open","ping_status":"open","sticky":false,"template":"","format":"standard","meta":{"_themeisle_gutenberg_block_has_review":false,"footnotes":""},"categories":[81,32],"tags":[1515,85,1944],"class_list":["post-10109","post","type-post","status-publish","format-standard","has-post-thumbnail","hentry","category-general","category-locales","tag-cgt","tag-pais","tag-reforma-laboral"],"_links":{"self":[{"href":"https:\/\/horapicodigital.com.ar\/index.php\/wp-json\/wp\/v2\/posts\/10109","targetHints":{"allow":["GET"]}}],"collection":[{"href":"https:\/\/horapicodigital.com.ar\/index.php\/wp-json\/wp\/v2\/posts"}],"about":[{"href":"https:\/\/horapicodigital.com.ar\/index.php\/wp-json\/wp\/v2\/types\/post"}],"author":[{"embeddable":true,"href":"https:\/\/horapicodigital.com.ar\/index.php\/wp-json\/wp\/v2\/users\/6"}],"replies":[{"embeddable":true,"href":"https:\/\/horapicodigital.com.ar\/index.php\/wp-json\/wp\/v2\/comments?post=10109"}],"version-history":[{"count":1,"href":"https:\/\/horapicodigital.com.ar\/index.php\/wp-json\/wp\/v2\/posts\/10109\/revisions"}],"predecessor-version":[{"id":10112,"href":"https:\/\/horapicodigital.com.ar\/index.php\/wp-json\/wp\/v2\/posts\/10109\/revisions\/10112"}],"wp:featuredmedia":[{"embeddable":true,"href":"https:\/\/horapicodigital.com.ar\/index.php\/wp-json\/wp\/v2\/media\/6964"}],"wp:attachment":[{"href":"https:\/\/horapicodigital.com.ar\/index.php\/wp-json\/wp\/v2\/media?parent=10109"}],"wp:term":[{"taxonomy":"category","embeddable":true,"href":"https:\/\/horapicodigital.com.ar\/index.php\/wp-json\/wp\/v2\/categories?post=10109"},{"taxonomy":"post_tag","embeddable":true,"href":"https:\/\/horapicodigital.com.ar\/index.php\/wp-json\/wp\/v2\/tags?post=10109"}],"curies":[{"name":"wp","href":"https:\/\/api.w.org\/{rel}","templated":true}]}}